{"id":8958,"date":"2022-05-06T08:30:18","date_gmt":"2022-05-06T08:30:18","guid":{"rendered":"https:\/\/paulmas.com\/news\/celebrate-400-years-of-moliere-at-pezenas-friday-3-june-2022\/"},"modified":"2022-05-12T07:34:15","modified_gmt":"2022-05-12T07:34:15","slug":"celebrate-400-years-of-moliere-at-pezenas-friday-3-june-2022","status":"publish","type":"post","link":"https:\/\/www.paulmas.com\/en\/news\/celebrate-400-years-of-moliere-at-pezenas-friday-3-june-2022\/","title":{"rendered":"Celebrate 400 years of Moli\u00e8re at P\u00e9zenas FRIDAY 3 JUNE 2022"},"content":{"rendered":"\n[et_pb_section fb_built=&#8221;1&#8243; _builder_version=&#8221;4.9.4&#8243; _module_preset=&#8221;default&#8221; global_colors_info=&#8221;{}&#8221;][et_pb_row _builder_version=&#8221;4.10.7&#8243; _module_preset=&#8221;default&#8221; global_colors_info=&#8221;{}&#8221;][et_pb_column type=&#8221;4_4&#8243; _builder_version=&#8221;4.10.7&#8243; _module_preset=&#8221;default&#8221; global_colors_info=&#8221;{}&#8221;][et_pb_image src=&#8221;https:\/\/www.paulmas.com\/wp-content\/uploads\/2022\/05\/festin2022.jpg&#8221; title_text=&#8221;festin2022&#8243; _builder_version=&#8221;4.10.7&#8243; _module_preset=&#8221;default&#8221; global_colors_info=&#8221;{}&#8221;][\/et_pb_image][et_pb_text _builder_version=&#8221;4.10.7&#8243; _module_preset=&#8221;default&#8221; global_colors_info=&#8221;{}&#8221;]<h1>Celebrate 400 years of Moli\u00e8re at P\u00e9zenas<\/h1>\r\n<h4>FRIDAY 3 JUNE 2022<\/h4>[\/et_pb_text][et_pb_text _builder_version=&#8221;4.10.7&#8243; _module_preset=&#8221;default&#8221; hover_enabled=&#8221;0&#8243; global_colors_info=&#8221;{}&#8221; sticky_enabled=&#8221;0&#8243;]<blockquote>\n<p>A unique experience in the heart of the historic city, bringing together the Performing Arts and the Table Arts.<\/p>\n<\/blockquote>[\/et_pb_text][et_pb_text _builder_version=&#8221;4.10.7&#8243; _module_preset=&#8221;default&#8221; min_height=&#8221;179px&#8221; custom_margin=&#8221;0px||||false|false&#8221; custom_padding=&#8221;0px||||false|false&#8221; hover_enabled=&#8221;0&#8243; global_colors_info=&#8221;{}&#8221; sticky_enabled=&#8221;0&#8243;]<p style=\"text-align: justify;\">In the anniversary year of 400 years of Moli\u00e8re\u2019s birth, relive the pomp and splendour of P\u00e9zenas 1653, when the General Assembly of Languedoc held forth in the town, a place of great wines. Moli\u00e8re and his theatre troop came to entertain the court of the the Prince of Conti, a great nobleman, lover of theatre and the third most important person in the kingdom of France.<\/p>\n<p style=\"text-align: justify;\">On Friday the 3rd June 2022 the winemakers of <i>Terroir<\/i>\u00a0P\u00e9zenas, in partnership with the Council of P\u00e9zenas and the \u201cCom\u00e9die Fran\u00e7aise\u201d host \u201cMoli\u00e8re\u2019s Feast\u201d 2022, a unique evening in the heart of the historic centre, uniting performing arts with culinary art.<\/p>[\/et_pb_text][et_pb_image src=&#8221;https:\/\/www.paulmas.com\/wp-content\/uploads\/2022\/05\/Logo-AOP-Pezenas.jpg&#8221; title_text=&#8221;Logo AOP P\u00e9zenas&#8221; align=&#8221;center&#8221; _builder_version=&#8221;4.10.7&#8243; _module_preset=&#8221;default&#8221; global_colors_info=&#8221;{}&#8221;][\/et_pb_image][\/et_pb_column][\/et_pb_row][et_pb_row _builder_version=&#8221;4.10.7&#8243; _module_preset=&#8221;default&#8221; global_colors_info=&#8221;{}&#8221;][et_pb_column type=&#8221;4_4&#8243; _builder_version=&#8221;4.9.4&#8243; _module_preset=&#8221;default&#8221; global_colors_info=&#8221;{}&#8221;][et_pb_text _builder_version=&#8221;4.10.7&#8243; _module_preset=&#8221;default&#8221; global_colors_info=&#8221;{}&#8221;]<p style=\"text-align: center;\"><a href=\"mailto:reservation@lefestindemoliere.com\">reservation@lefestindemoliere.com<\/a><\/p>\r\n<p style=\"text-align: center;\">06 25 93 08 08<\/p>[\/et_pb_text][et_pb_button button_url=&#8221;https:\/\/reservations.languedoc-aoc.com\/evenement\/le-festin-de-moliere-2022&#8243; button_text=&#8221;Booking&#8221; button_alignment=&#8221;center&#8221; _builder_version=&#8221;4.10.7&#8243; _module_preset=&#8221;default&#8221; custom_margin=&#8221;44px|||||&#8221; global_colors_info=&#8221;{}&#8221;][\/et_pb_button][\/et_pb_column][\/et_pb_row][et_pb_row _builder_version=&#8221;4.10.7&#8243; _module_preset=&#8221;default&#8221; global_colors_info=&#8221;{}&#8221;][et_pb_column type=&#8221;4_4&#8243; _builder_version=&#8221;4.10.7&#8243; _module_preset=&#8221;default&#8221; global_colors_info=&#8221;{}&#8221;][et_pb_image src=&#8221;https:\/\/www.paulmas.com\/wp-content\/uploads\/2022\/05\/Bandeau-email-1.jpg&#8221; title_text=&#8221;Bandeau-email (1)&#8221; align=&#8221;center&#8221; _builder_version=&#8221;4.10.7&#8243; _module_preset=&#8221;default&#8221; global_colors_info=&#8221;{}&#8221;][\/et_pb_image][\/et_pb_column][\/et_pb_row][\/et_pb_section]\n","protected":false},"excerpt":{"rendered":"<p>Celebrate 400 years of Moli\u00e8re at P\u00e9zenas FRIDAY 3 JUNE 2022<\/p>\n","protected":false},"author":5,"featured_media":8950,"comment_status":"closed","ping_status":"open","sticky":false,"template":"","format":"standard","meta":{"_et_pb_use_builder":"on","_et_pb_old_content":"","_et_gb_content_width":"","footnotes":""},"categories":[365,366,7],"tags":[],"class_list":["post-8958","post","type-post","status-publish","format-standard","has-post-thumbnail","hentry","category-estates-news","category-lactualite-de-nos-domaines-en","category-news"],"yoast_head":"<!-- This site is optimized with the Yoast SEO plugin v27.4 - https:\/\/yoast.com\/product\/yoast-seo-wordpress\/ -->\n<title>Celebrate 400 years of Moli\u00e8re at P\u00e9zenas FRIDAY 3 JUNE 2022 - Les Domaines Paul Mas<\/title>\n<meta name=\"robots\" content=\"index, follow, max-snippet:-1, max-image-preview:large, max-video-preview:-1\" \/>\n<link rel=\"canonical\" href=\"https:\/\/www.paulmas.com\/actualite\/le-festin-de-moliere-2022\/\" \/>\n<meta property=\"og:locale\" content=\"en_US\" \/>\n<meta property=\"og:type\" content=\"article\" \/>\n<meta property=\"og:title\" content=\"Celebrate 400 years of Moli\u00e8re at P\u00e9zenas FRIDAY 3 JUNE 2022 - Les Domaines Paul Mas\" \/>\n<meta property=\"og:description\" content=\"Celebrate 400 years of Moli\u00e8re at P\u00e9zenas FRIDAY 3 JUNE 2022\" \/>\n<meta property=\"og:url\" content=\"https:\/\/www.paulmas.com\/actualite\/le-festin-de-moliere-2022\/\" \/>\n<meta property=\"og:site_name\" content=\"Les Domaines Paul Mas\" \/>\n<meta property=\"article:published_time\" content=\"2022-05-06T08:30:18+00:00\" \/>\n<meta property=\"article:modified_time\" content=\"2022-05-12T07:34:15+00:00\" \/>\n<meta property=\"og:image\" content=\"https:\/\/www.paulmas.com\/wp-content\/uploads\/2022\/05\/festin2022.jpg\" \/>\n\t<meta property=\"og:image:width\" content=\"1200\" \/>\n\t<meta property=\"og:image:height\" content=\"283\" \/>\n\t<meta property=\"og:image:type\" content=\"image\/jpeg\" \/>\n<meta name=\"author\" content=\"Amandine Nelson\" \/>\n<meta name=\"twitter:card\" content=\"summary_large_image\" \/>\n<meta name=\"twitter:label1\" content=\"Written by\" \/>\n\t<meta name=\"twitter:data1\" content=\"Amandine Nelson\" \/>\n\t<meta name=\"twitter:label2\" content=\"Est. reading time\" \/>\n\t<meta name=\"twitter:data2\" content=\"2 minutes\" \/>\n<script type=\"application\/ld+json\" class=\"yoast-schema-graph\">{\"@context\":\"https:\\\/\\\/schema.org\",\"@graph\":[{\"@type\":\"Article\",\"@id\":\"https:\\\/\\\/www.paulmas.com\\\/actualite\\\/le-festin-de-moliere-2022\\\/#article\",\"isPartOf\":{\"@id\":\"https:\\\/\\\/www.paulmas.com\\\/actualite\\\/le-festin-de-moliere-2022\\\/\"},\"author\":{\"name\":\"Amandine Nelson\",\"@id\":\"https:\\\/\\\/www.paulmas.com\\\/#\\\/schema\\\/person\\\/012db7883b4360594dc5217f4bcfff47\"},\"headline\":\"Celebrate 400 years of Moli\u00e8re at P\u00e9zenas FRIDAY 3 JUNE 2022\",\"datePublished\":\"2022-05-06T08:30:18+00:00\",\"dateModified\":\"2022-05-12T07:34:15+00:00\",\"mainEntityOfPage\":{\"@id\":\"https:\\\/\\\/www.paulmas.com\\\/actualite\\\/le-festin-de-moliere-2022\\\/\"},\"wordCount\":453,\"image\":{\"@id\":\"https:\\\/\\\/www.paulmas.com\\\/actualite\\\/le-festin-de-moliere-2022\\\/#primaryimage\"},\"thumbnailUrl\":\"https:\\\/\\\/www.paulmas.com\\\/wp-content\\\/uploads\\\/2022\\\/05\\\/festin2022.jpg\",\"articleSection\":[\"Estates' news\",\"L&rsquo;actualit\u00e9 de nos domaines\",\"News\"],\"inLanguage\":\"en-US\"},{\"@type\":\"WebPage\",\"@id\":\"https:\\\/\\\/www.paulmas.com\\\/actualite\\\/le-festin-de-moliere-2022\\\/\",\"url\":\"https:\\\/\\\/www.paulmas.com\\\/actualite\\\/le-festin-de-moliere-2022\\\/\",\"name\":\"Celebrate 400 years of Moli\u00e8re at P\u00e9zenas FRIDAY 3 JUNE 2022 - Les Domaines Paul Mas\",\"isPartOf\":{\"@id\":\"https:\\\/\\\/www.paulmas.com\\\/#website\"},\"primaryImageOfPage\":{\"@id\":\"https:\\\/\\\/www.paulmas.com\\\/actualite\\\/le-festin-de-moliere-2022\\\/#primaryimage\"},\"image\":{\"@id\":\"https:\\\/\\\/www.paulmas.com\\\/actualite\\\/le-festin-de-moliere-2022\\\/#primaryimage\"},\"thumbnailUrl\":\"https:\\\/\\\/www.paulmas.com\\\/wp-content\\\/uploads\\\/2022\\\/05\\\/festin2022.jpg\",\"datePublished\":\"2022-05-06T08:30:18+00:00\",\"dateModified\":\"2022-05-12T07:34:15+00:00\",\"author\":{\"@id\":\"https:\\\/\\\/www.paulmas.com\\\/#\\\/schema\\\/person\\\/012db7883b4360594dc5217f4bcfff47\"},\"breadcrumb\":{\"@id\":\"https:\\\/\\\/www.paulmas.com\\\/actualite\\\/le-festin-de-moliere-2022\\\/#breadcrumb\"},\"inLanguage\":\"en-US\",\"potentialAction\":[{\"@type\":\"ReadAction\",\"target\":[\"https:\\\/\\\/www.paulmas.com\\\/actualite\\\/le-festin-de-moliere-2022\\\/\"]}]},{\"@type\":\"ImageObject\",\"inLanguage\":\"en-US\",\"@id\":\"https:\\\/\\\/www.paulmas.com\\\/actualite\\\/le-festin-de-moliere-2022\\\/#primaryimage\",\"url\":\"https:\\\/\\\/www.paulmas.com\\\/wp-content\\\/uploads\\\/2022\\\/05\\\/festin2022.jpg\",\"contentUrl\":\"https:\\\/\\\/www.paulmas.com\\\/wp-content\\\/uploads\\\/2022\\\/05\\\/festin2022.jpg\",\"width\":1200,\"height\":283},{\"@type\":\"BreadcrumbList\",\"@id\":\"https:\\\/\\\/www.paulmas.com\\\/actualite\\\/le-festin-de-moliere-2022\\\/#breadcrumb\",\"itemListElement\":[{\"@type\":\"ListItem\",\"position\":1,\"name\":\"Accueil\",\"item\":\"https:\\\/\\\/www.paulmas.com\\\/en\\\/\"},{\"@type\":\"ListItem\",\"position\":2,\"name\":\"Celebrate 400 years of Moli\u00e8re at P\u00e9zenas FRIDAY 3 JUNE 2022\"}]},{\"@type\":\"WebSite\",\"@id\":\"https:\\\/\\\/www.paulmas.com\\\/#website\",\"url\":\"https:\\\/\\\/www.paulmas.com\\\/\",\"name\":\"Les Domaines Paul Mas\",\"description\":\"Le luxe rural depuis 1892\",\"potentialAction\":[{\"@type\":\"SearchAction\",\"target\":{\"@type\":\"EntryPoint\",\"urlTemplate\":\"https:\\\/\\\/www.paulmas.com\\\/?s={search_term_string}\"},\"query-input\":{\"@type\":\"PropertyValueSpecification\",\"valueRequired\":true,\"valueName\":\"search_term_string\"}}],\"inLanguage\":\"en-US\"},{\"@type\":\"Person\",\"@id\":\"https:\\\/\\\/www.paulmas.com\\\/#\\\/schema\\\/person\\\/012db7883b4360594dc5217f4bcfff47\",\"name\":\"Amandine Nelson\",\"url\":\"https:\\\/\\\/www.paulmas.com\\\/en\\\/author\\\/anelson\\\/\"}]}<\/script>\n<!-- \/ Yoast SEO plugin. -->","yoast_head_json":{"title":"Celebrate 400 years of Moli\u00e8re at P\u00e9zenas FRIDAY 3 JUNE 2022 - Les Domaines Paul Mas","robots":{"index":"index","follow":"follow","max-snippet":"max-snippet:-1","max-image-preview":"max-image-preview:large","max-video-preview":"max-video-preview:-1"},"canonical":"https:\/\/www.paulmas.com\/actualite\/le-festin-de-moliere-2022\/","og_locale":"en_US","og_type":"article","og_title":"Celebrate 400 years of Moli\u00e8re at P\u00e9zenas FRIDAY 3 JUNE 2022 - Les Domaines Paul Mas","og_description":"Celebrate 400 years of Moli\u00e8re at P\u00e9zenas FRIDAY 3 JUNE 2022","og_url":"https:\/\/www.paulmas.com\/actualite\/le-festin-de-moliere-2022\/","og_site_name":"Les Domaines Paul Mas","article_published_time":"2022-05-06T08:30:18+00:00","article_modified_time":"2022-05-12T07:34:15+00:00","og_image":[{"width":1200,"height":283,"url":"https:\/\/www.paulmas.com\/wp-content\/uploads\/2022\/05\/festin2022.jpg","type":"image\/jpeg"}],"author":"Amandine Nelson","twitter_card":"summary_large_image","twitter_misc":{"Written by":"Amandine Nelson","Est. reading time":"2 minutes"},"schema":{"@context":"https:\/\/schema.org","@graph":[{"@type":"Article","@id":"https:\/\/www.paulmas.com\/actualite\/le-festin-de-moliere-2022\/#article","isPartOf":{"@id":"https:\/\/www.paulmas.com\/actualite\/le-festin-de-moliere-2022\/"},"author":{"name":"Amandine Nelson","@id":"https:\/\/www.paulmas.com\/#\/schema\/person\/012db7883b4360594dc5217f4bcfff47"},"headline":"Celebrate 400 years of Moli\u00e8re at P\u00e9zenas FRIDAY 3 JUNE 2022","datePublished":"2022-05-06T08:30:18+00:00","dateModified":"2022-05-12T07:34:15+00:00","mainEntityOfPage":{"@id":"https:\/\/www.paulmas.com\/actualite\/le-festin-de-moliere-2022\/"},"wordCount":453,"image":{"@id":"https:\/\/www.paulmas.com\/actualite\/le-festin-de-moliere-2022\/#primaryimage"},"thumbnailUrl":"https:\/\/www.paulmas.com\/wp-content\/uploads\/2022\/05\/festin2022.jpg","articleSection":["Estates' news","L&rsquo;actualit\u00e9 de nos domaines","News"],"inLanguage":"en-US"},{"@type":"WebPage","@id":"https:\/\/www.paulmas.com\/actualite\/le-festin-de-moliere-2022\/","url":"https:\/\/www.paulmas.com\/actualite\/le-festin-de-moliere-2022\/","name":"Celebrate 400 years of Moli\u00e8re at P\u00e9zenas FRIDAY 3 JUNE 2022 - Les Domaines Paul Mas","isPartOf":{"@id":"https:\/\/www.paulmas.com\/#website"},"primaryImageOfPage":{"@id":"https:\/\/www.paulmas.com\/actualite\/le-festin-de-moliere-2022\/#primaryimage"},"image":{"@id":"https:\/\/www.paulmas.com\/actualite\/le-festin-de-moliere-2022\/#primaryimage"},"thumbnailUrl":"https:\/\/www.paulmas.com\/wp-content\/uploads\/2022\/05\/festin2022.jpg","datePublished":"2022-05-06T08:30:18+00:00","dateModified":"2022-05-12T07:34:15+00:00","author":{"@id":"https:\/\/www.paulmas.com\/#\/schema\/person\/012db7883b4360594dc5217f4bcfff47"},"breadcrumb":{"@id":"https:\/\/www.paulmas.com\/actualite\/le-festin-de-moliere-2022\/#breadcrumb"},"inLanguage":"en-US","potentialAction":[{"@type":"ReadAction","target":["https:\/\/www.paulmas.com\/actualite\/le-festin-de-moliere-2022\/"]}]},{"@type":"ImageObject","inLanguage":"en-US","@id":"https:\/\/www.paulmas.com\/actualite\/le-festin-de-moliere-2022\/#primaryimage","url":"https:\/\/www.paulmas.com\/wp-content\/uploads\/2022\/05\/festin2022.jpg","contentUrl":"https:\/\/www.paulmas.com\/wp-content\/uploads\/2022\/05\/festin2022.jpg","width":1200,"height":283},{"@type":"BreadcrumbList","@id":"https:\/\/www.paulmas.com\/actualite\/le-festin-de-moliere-2022\/#breadcrumb","itemListElement":[{"@type":"ListItem","position":1,"name":"Accueil","item":"https:\/\/www.paulmas.com\/en\/"},{"@type":"ListItem","position":2,"name":"Celebrate 400 years of Moli\u00e8re at P\u00e9zenas FRIDAY 3 JUNE 2022"}]},{"@type":"WebSite","@id":"https:\/\/www.paulmas.com\/#website","url":"https:\/\/www.paulmas.com\/","name":"Les Domaines Paul Mas","description":"Le luxe rural depuis 1892","potentialAction":[{"@type":"SearchAction","target":{"@type":"EntryPoint","urlTemplate":"https:\/\/www.paulmas.com\/?s={search_term_string}"},"query-input":{"@type":"PropertyValueSpecification","valueRequired":true,"valueName":"search_term_string"}}],"inLanguage":"en-US"},{"@type":"Person","@id":"https:\/\/www.paulmas.com\/#\/schema\/person\/012db7883b4360594dc5217f4bcfff47","name":"Amandine Nelson","url":"https:\/\/www.paulmas.com\/en\/author\/anelson\/"}]}},"_links":{"self":[{"href":"https:\/\/www.paulmas.com\/en\/wp-json\/wp\/v2\/posts\/8958","targetHints":{"allow":["GET"]}}],"collection":[{"href":"https:\/\/www.paulmas.com\/en\/wp-json\/wp\/v2\/posts"}],"about":[{"href":"https:\/\/www.paulmas.com\/en\/wp-json\/wp\/v2\/types\/post"}],"author":[{"embeddable":true,"href":"https:\/\/www.paulmas.com\/en\/wp-json\/wp\/v2\/users\/5"}],"replies":[{"embeddable":true,"href":"https:\/\/www.paulmas.com\/en\/wp-json\/wp\/v2\/comments?post=8958"}],"version-history":[{"count":3,"href":"https:\/\/www.paulmas.com\/en\/wp-json\/wp\/v2\/posts\/8958\/revisions"}],"predecessor-version":[{"id":9027,"href":"https:\/\/www.paulmas.com\/en\/wp-json\/wp\/v2\/posts\/8958\/revisions\/9027"}],"wp:featuredmedia":[{"embeddable":true,"href":"https:\/\/www.paulmas.com\/en\/wp-json\/wp\/v2\/media\/8950"}],"wp:attachment":[{"href":"https:\/\/www.paulmas.com\/en\/wp-json\/wp\/v2\/media?parent=8958"}],"wp:term":[{"taxonomy":"category","embeddable":true,"href":"https:\/\/www.paulmas.com\/en\/wp-json\/wp\/v2\/categories?post=8958"},{"taxonomy":"post_tag","embeddable":true,"href":"https:\/\/www.paulmas.com\/en\/wp-json\/wp\/v2\/tags?post=8958"}],"curies":[{"name":"wp","href":"https:\/\/api.w.org\/{rel}","templated":true}]}}