{"id":3797,"date":"2018-09-06T09:24:17","date_gmt":"2018-09-06T09:24:17","guid":{"rendered":"https:\/\/paulmas.com\/?p=3797"},"modified":"2021-02-22T11:42:18","modified_gmt":"2021-02-22T11:42:18","slug":"sud-radio-in-vino-en-direct-des-domaines-paul-mas","status":"publish","type":"post","link":"https:\/\/www.paulmas.com\/en\/actualite\/sud-radio-in-vino-en-direct-des-domaines-paul-mas\/","title":{"rendered":"Sud Radio In Vino en direct des Domaines Paul Mas"},"content":{"rendered":"<p>La prochaine \u00e9mission de radio\u00a0<a href=\"https:\/\/www.facebook.com\/InvinoAlainMarty\/?__xts__%5B0%5D=68.ARCUT3rlr-MdTspS9y1g0mtbwiYIUa83FBtbkFe2U488heAWYTG3llopu2RRNpM1xoOX0YJRN8_tyAIyEmzKbZGVpNJztXqRXqjp1J4K1Am4jdk5t8goW7mFsvtS93z6NnW3KtSjldQd9pdtHxzB2wyiTRpKAJwO4-0f89JwQ8vOU05q5sddqw\" data-hovercard=\"\/ajax\/hovercard\/page.php?id=345986715895619&amp;extragetparams=%7B%22directed_target_id%22%3Anull%2C%22groups_location%22%3Anull%7D\" data-hovercard-prefer-more-content-show=\"1\">In vino<\/a>\u00a0sera diffus\u00e9e en direct sur Sud Radio depuis Les Domaines Paul Mas \u00e0 Montagnac dans notre restaurant\u00a0<a href=\"https:\/\/www.facebook.com\/Cote.Mas\/?__xts__%5B0%5D=68.ARCUT3rlr-MdTspS9y1g0mtbwiYIUa83FBtbkFe2U488heAWYTG3llopu2RRNpM1xoOX0YJRN8_tyAIyEmzKbZGVpNJztXqRXqjp1J4K1Am4jdk5t8goW7mFsvtS93z6NnW3KtSjldQd9pdtHxzB2wyiTRpKAJwO4-0f89JwQ8vOU05q5sddqw\" data-hovercard=\"\/ajax\/hovercard\/page.php?id=246146138832283&amp;extragetparams=%7B%22directed_target_id%22%3Anull%2C%22groups_location%22%3Anull%7D\" data-hovercard-prefer-more-content-show=\"1\">C\u00f4t\u00e9 Mas<\/a>.<br \/>\nEn pr\u00e9sence de\u00a0<a href=\"https:\/\/www.facebook.com\/david.cobbold.37\" data-hovercard=\"\/ajax\/hovercard\/user.php?id=1745191570&amp;extragetparams=%7B%22directed_target_id%22%3Anull%2C%22groups_location%22%3Anull%7D\" data-hovercard-prefer-more-content-show=\"1\">David Cobbold<\/a>, Alain Marty, Jean-Claude Mas, Monsieur le Maire de Montagnac Yann Llopis, Yves Legrand des\u00a0<a href=\"https:\/\/www.facebook.com\/caveslegrand\/?__xts__%5B0%5D=68.ARCUT3rlr-MdTspS9y1g0mtbwiYIUa83FBtbkFe2U488heAWYTG3llopu2RRNpM1xoOX0YJRN8_tyAIyEmzKbZGVpNJztXqRXqjp1J4K1Am4jdk5t8goW7mFsvtS93z6NnW3KtSjldQd9pdtHxzB2wyiTRpKAJwO4-0f89JwQ8vOU05q5sddqw\" data-hovercard=\"\/ajax\/hovercard\/page.php?id=156242721064593&amp;extragetparams=%7B%22directed_target_id%22%3Anull%2C%22groups_location%22%3Anull%7D\" data-hovercard-prefer-more-content-show=\"1\">Caves Legrand<\/a>\u00a0\u00e0 Paris, Florent Tarbouriech de la\u00a0<a href=\"https:\/\/www.facebook.com\/MaisonTarbouriech\/?__xts__%5B0%5D=68.ARCUT3rlr-MdTspS9y1g0mtbwiYIUa83FBtbkFe2U488heAWYTG3llopu2RRNpM1xoOX0YJRN8_tyAIyEmzKbZGVpNJztXqRXqjp1J4K1Am4jdk5t8goW7mFsvtS93z6NnW3KtSjldQd9pdtHxzB2wyiTRpKAJwO4-0f89JwQ8vOU05q5sddqw\" data-hovercard=\"\/ajax\/hovercard\/page.php?id=462108803860569&amp;extragetparams=%7B%22directed_target_id%22%3Anull%2C%22groups_location%22%3Anull%7D\" data-hovercard-prefer-more-content-show=\"1\">Maison Tarbouriech<\/a>\u00a0et le chef du restaurant gastronomique de C\u00f4t\u00e9 Mas Alexandre Fontaine.<\/p>\n<p><strong>A \u00e9couter en direct samedi 8 Septembre de 12h30 \u00e0 13h sur\u00a0<a href=\"https:\/\/www.facebook.com\/SudRadioOfficiel\/?__xts__%5B0%5D=68.ARCUT3rlr-MdTspS9y1g0mtbwiYIUa83FBtbkFe2U488heAWYTG3llopu2RRNpM1xoOX0YJRN8_tyAIyEmzKbZGVpNJztXqRXqjp1J4K1Am4jdk5t8goW7mFsvtS93z6NnW3KtSjldQd9pdtHxzB2wyiTRpKAJwO4-0f89JwQ8vOU05q5sddqw\" data-hovercard=\"\/ajax\/hovercard\/page.php?id=44326931432&amp;extragetparams=%7B%22directed_target_id%22%3Anull%2C%22groups_location%22%3Anull%7D\" data-hovercard-prefer-more-content-show=\"1\">Sud Radio<\/a><\/strong><br \/>\nL&#8217;enregistrement de l&#8217;\u00e9mission diffus\u00e9e le dimanche 9 Septembre se fera \u00e9galement au domaine.<\/p>\n<blockquote><p>Retrouvez les podcasts de l&#8217;\u00e9mission sur :\u00a0<a href=\"http:\/\/invinoradio.fm\/\" target=\"_blank\" rel=\"noopener\">http:\/\/invinoradio.fm\/<\/a><\/p><\/blockquote>\n<p><!--more--><br \/>\n<img loading=\"lazy\" decoding=\"async\" class=\"alignnone size-full wp-image-3799\" src=\"https:\/\/www.paulmas.com\/wp-content\/uploads\/2018\/09\/sud-radio-invino-fb.jpg\" alt=\"\" width=\"828\" height=\"315\" srcset=\"https:\/\/www.paulmas.com\/wp-content\/uploads\/2018\/09\/sud-radio-invino-fb.jpg 828w, https:\/\/www.paulmas.com\/wp-content\/uploads\/2018\/09\/sud-radio-invino-fb-300x114.jpg 300w, https:\/\/www.paulmas.com\/wp-content\/uploads\/2018\/09\/sud-radio-invino-fb-768x292.jpg 768w\" sizes=\"(max-width: 828px) 100vw, 828px\" \/><\/p>\n","protected":false},"excerpt":{"rendered":"<p>La prochaine \u00e9mission de radio\u00a0In vino\u00a0sera diffus\u00e9e en direct sur Sud Radio depuis Les Domaines Paul Mas \u00e0 Montagnac dans notre restaurant\u00a0C\u00f4t\u00e9 Mas. En pr\u00e9sence de\u00a0David Cobbold, Alain Marty, Jean-Claude Mas, Monsieur le Maire de Montagnac Yann Llopis, Yves Legrand des\u00a0Caves Legrand\u00a0\u00e0 Paris, Florent Tarbouriech de la\u00a0Maison Tarbouriech\u00a0et le chef du restaurant gastronomique de C\u00f4t\u00e9 [&hellip;]<\/p>\n","protected":false},"author":2,"featured_media":3795,"comment_status":"closed","ping_status":"open","sticky":false,"template":"","format":"standard","meta":{"_et_pb_use_builder":"","_et_pb_old_content":"","_et_gb_content_width":"","footnotes":""},"categories":[6],"tags":[],"class_list":["post-3797","post","type-post","status-publish","format-standard","has-post-thumbnail","hentry","category-actualite"],"yoast_head":"<!-- This site is optimized with the Yoast SEO plugin v27.4 - https:\/\/yoast.com\/product\/yoast-seo-wordpress\/ -->\n<title>Sud Radio In Vino en direct des Domaines Paul Mas - Les Domaines Paul Mas<\/title>\n<meta name=\"robots\" content=\"index, follow, max-snippet:-1, max-image-preview:large, max-video-preview:-1\" \/>\n<link rel=\"canonical\" href=\"https:\/\/www.paulmas.com\/actualite\/sud-radio-in-vino-en-direct-des-domaines-paul-mas\/\" \/>\n<meta property=\"og:locale\" content=\"en_US\" \/>\n<meta property=\"og:type\" content=\"article\" \/>\n<meta property=\"og:title\" content=\"Sud Radio In Vino en direct des Domaines Paul Mas - Les Domaines Paul Mas\" \/>\n<meta property=\"og:description\" content=\"La prochaine \u00e9mission de radio\u00a0In vino\u00a0sera diffus\u00e9e en direct sur Sud Radio depuis Les Domaines Paul Mas \u00e0 Montagnac dans notre restaurant\u00a0C\u00f4t\u00e9 Mas. En pr\u00e9sence de\u00a0David Cobbold, Alain Marty, Jean-Claude Mas, Monsieur le Maire de Montagnac Yann Llopis, Yves Legrand des\u00a0Caves Legrand\u00a0\u00e0 Paris, Florent Tarbouriech de la\u00a0Maison Tarbouriech\u00a0et le chef du restaurant gastronomique de C\u00f4t\u00e9 [&hellip;]\" \/>\n<meta property=\"og:url\" content=\"https:\/\/www.paulmas.com\/actualite\/sud-radio-in-vino-en-direct-des-domaines-paul-mas\/\" \/>\n<meta property=\"og:site_name\" content=\"Les Domaines Paul Mas\" \/>\n<meta property=\"article:published_time\" content=\"2018-09-06T09:24:17+00:00\" \/>\n<meta property=\"article:modified_time\" content=\"2021-02-22T11:42:18+00:00\" \/>\n<meta property=\"og:image\" content=\"https:\/\/www.paulmas.com\/wp-content\/uploads\/2018\/09\/sud-radio-invino.jpg\" \/>\n\t<meta property=\"og:image:width\" content=\"462\" \/>\n\t<meta property=\"og:image:height\" content=\"653\" \/>\n\t<meta property=\"og:image:type\" content=\"image\/jpeg\" \/>\n<meta name=\"author\" content=\"paul mas\" \/>\n<meta name=\"twitter:card\" content=\"summary_large_image\" \/>\n<meta name=\"twitter:label1\" content=\"Written by\" \/>\n\t<meta name=\"twitter:data1\" content=\"paul mas\" \/>\n\t<meta name=\"twitter:label2\" content=\"Est. reading time\" \/>\n\t<meta name=\"twitter:data2\" content=\"1 minute\" \/>\n<script type=\"application\/ld+json\" class=\"yoast-schema-graph\">{\"@context\":\"https:\\\/\\\/schema.org\",\"@graph\":[{\"@type\":\"Article\",\"@id\":\"https:\\\/\\\/www.paulmas.com\\\/actualite\\\/sud-radio-in-vino-en-direct-des-domaines-paul-mas\\\/#article\",\"isPartOf\":{\"@id\":\"https:\\\/\\\/www.paulmas.com\\\/actualite\\\/sud-radio-in-vino-en-direct-des-domaines-paul-mas\\\/\"},\"author\":{\"name\":\"paul mas\",\"@id\":\"https:\\\/\\\/www.paulmas.com\\\/#\\\/schema\\\/person\\\/0255f01754a6d45e52362f3e20f6e032\"},\"headline\":\"Sud Radio In Vino en direct des Domaines Paul Mas\",\"datePublished\":\"2018-09-06T09:24:17+00:00\",\"dateModified\":\"2021-02-22T11:42:18+00:00\",\"mainEntityOfPage\":{\"@id\":\"https:\\\/\\\/www.paulmas.com\\\/actualite\\\/sud-radio-in-vino-en-direct-des-domaines-paul-mas\\\/\"},\"wordCount\":115,\"image\":{\"@id\":\"https:\\\/\\\/www.paulmas.com\\\/actualite\\\/sud-radio-in-vino-en-direct-des-domaines-paul-mas\\\/#primaryimage\"},\"thumbnailUrl\":\"https:\\\/\\\/www.paulmas.com\\\/wp-content\\\/uploads\\\/2018\\\/09\\\/sud-radio-invino.jpg\",\"articleSection\":[\"Actualit\u00e9\"],\"inLanguage\":\"en-US\"},{\"@type\":\"WebPage\",\"@id\":\"https:\\\/\\\/www.paulmas.com\\\/actualite\\\/sud-radio-in-vino-en-direct-des-domaines-paul-mas\\\/\",\"url\":\"https:\\\/\\\/www.paulmas.com\\\/actualite\\\/sud-radio-in-vino-en-direct-des-domaines-paul-mas\\\/\",\"name\":\"Sud Radio In Vino en direct des Domaines Paul Mas - Les Domaines Paul Mas\",\"isPartOf\":{\"@id\":\"https:\\\/\\\/www.paulmas.com\\\/#website\"},\"primaryImageOfPage\":{\"@id\":\"https:\\\/\\\/www.paulmas.com\\\/actualite\\\/sud-radio-in-vino-en-direct-des-domaines-paul-mas\\\/#primaryimage\"},\"image\":{\"@id\":\"https:\\\/\\\/www.paulmas.com\\\/actualite\\\/sud-radio-in-vino-en-direct-des-domaines-paul-mas\\\/#primaryimage\"},\"thumbnailUrl\":\"https:\\\/\\\/www.paulmas.com\\\/wp-content\\\/uploads\\\/2018\\\/09\\\/sud-radio-invino.jpg\",\"datePublished\":\"2018-09-06T09:24:17+00:00\",\"dateModified\":\"2021-02-22T11:42:18+00:00\",\"author\":{\"@id\":\"https:\\\/\\\/www.paulmas.com\\\/#\\\/schema\\\/person\\\/0255f01754a6d45e52362f3e20f6e032\"},\"breadcrumb\":{\"@id\":\"https:\\\/\\\/www.paulmas.com\\\/actualite\\\/sud-radio-in-vino-en-direct-des-domaines-paul-mas\\\/#breadcrumb\"},\"inLanguage\":\"en-US\",\"potentialAction\":[{\"@type\":\"ReadAction\",\"target\":[\"https:\\\/\\\/www.paulmas.com\\\/actualite\\\/sud-radio-in-vino-en-direct-des-domaines-paul-mas\\\/\"]}]},{\"@type\":\"ImageObject\",\"inLanguage\":\"en-US\",\"@id\":\"https:\\\/\\\/www.paulmas.com\\\/actualite\\\/sud-radio-in-vino-en-direct-des-domaines-paul-mas\\\/#primaryimage\",\"url\":\"https:\\\/\\\/www.paulmas.com\\\/wp-content\\\/uploads\\\/2018\\\/09\\\/sud-radio-invino.jpg\",\"contentUrl\":\"https:\\\/\\\/www.paulmas.com\\\/wp-content\\\/uploads\\\/2018\\\/09\\\/sud-radio-invino.jpg\",\"width\":462,\"height\":653},{\"@type\":\"BreadcrumbList\",\"@id\":\"https:\\\/\\\/www.paulmas.com\\\/actualite\\\/sud-radio-in-vino-en-direct-des-domaines-paul-mas\\\/#breadcrumb\",\"itemListElement\":[{\"@type\":\"ListItem\",\"position\":1,\"name\":\"Accueil\",\"item\":\"https:\\\/\\\/www.paulmas.com\\\/en\\\/\"},{\"@type\":\"ListItem\",\"position\":2,\"name\":\"Sud Radio In Vino en direct des Domaines Paul Mas\"}]},{\"@type\":\"WebSite\",\"@id\":\"https:\\\/\\\/www.paulmas.com\\\/#website\",\"url\":\"https:\\\/\\\/www.paulmas.com\\\/\",\"name\":\"Les Domaines Paul Mas\",\"description\":\"Le luxe rural depuis 1892\",\"potentialAction\":[{\"@type\":\"SearchAction\",\"target\":{\"@type\":\"EntryPoint\",\"urlTemplate\":\"https:\\\/\\\/www.paulmas.com\\\/?s={search_term_string}\"},\"query-input\":{\"@type\":\"PropertyValueSpecification\",\"valueRequired\":true,\"valueName\":\"search_term_string\"}}],\"inLanguage\":\"en-US\"},{\"@type\":\"Person\",\"@id\":\"https:\\\/\\\/www.paulmas.com\\\/#\\\/schema\\\/person\\\/0255f01754a6d45e52362f3e20f6e032\",\"name\":\"paul mas\",\"url\":\"https:\\\/\\\/www.paulmas.com\\\/en\\\/author\\\/paul-mas\\\/\"}]}<\/script>\n<!-- \/ Yoast SEO plugin. -->","yoast_head_json":{"title":"Sud Radio In Vino en direct des Domaines Paul Mas - Les Domaines Paul Mas","robots":{"index":"index","follow":"follow","max-snippet":"max-snippet:-1","max-image-preview":"max-image-preview:large","max-video-preview":"max-video-preview:-1"},"canonical":"https:\/\/www.paulmas.com\/actualite\/sud-radio-in-vino-en-direct-des-domaines-paul-mas\/","og_locale":"en_US","og_type":"article","og_title":"Sud Radio In Vino en direct des Domaines Paul Mas - Les Domaines Paul Mas","og_description":"La prochaine \u00e9mission de radio\u00a0In vino\u00a0sera diffus\u00e9e en direct sur Sud Radio depuis Les Domaines Paul Mas \u00e0 Montagnac dans notre restaurant\u00a0C\u00f4t\u00e9 Mas. En pr\u00e9sence de\u00a0David Cobbold, Alain Marty, Jean-Claude Mas, Monsieur le Maire de Montagnac Yann Llopis, Yves Legrand des\u00a0Caves Legrand\u00a0\u00e0 Paris, Florent Tarbouriech de la\u00a0Maison Tarbouriech\u00a0et le chef du restaurant gastronomique de C\u00f4t\u00e9 [&hellip;]","og_url":"https:\/\/www.paulmas.com\/actualite\/sud-radio-in-vino-en-direct-des-domaines-paul-mas\/","og_site_name":"Les Domaines Paul Mas","article_published_time":"2018-09-06T09:24:17+00:00","article_modified_time":"2021-02-22T11:42:18+00:00","og_image":[{"width":462,"height":653,"url":"https:\/\/www.paulmas.com\/wp-content\/uploads\/2018\/09\/sud-radio-invino.jpg","type":"image\/jpeg"}],"author":"paul mas","twitter_card":"summary_large_image","twitter_misc":{"Written by":"paul mas","Est. reading time":"1 minute"},"schema":{"@context":"https:\/\/schema.org","@graph":[{"@type":"Article","@id":"https:\/\/www.paulmas.com\/actualite\/sud-radio-in-vino-en-direct-des-domaines-paul-mas\/#article","isPartOf":{"@id":"https:\/\/www.paulmas.com\/actualite\/sud-radio-in-vino-en-direct-des-domaines-paul-mas\/"},"author":{"name":"paul mas","@id":"https:\/\/www.paulmas.com\/#\/schema\/person\/0255f01754a6d45e52362f3e20f6e032"},"headline":"Sud Radio In Vino en direct des Domaines Paul Mas","datePublished":"2018-09-06T09:24:17+00:00","dateModified":"2021-02-22T11:42:18+00:00","mainEntityOfPage":{"@id":"https:\/\/www.paulmas.com\/actualite\/sud-radio-in-vino-en-direct-des-domaines-paul-mas\/"},"wordCount":115,"image":{"@id":"https:\/\/www.paulmas.com\/actualite\/sud-radio-in-vino-en-direct-des-domaines-paul-mas\/#primaryimage"},"thumbnailUrl":"https:\/\/www.paulmas.com\/wp-content\/uploads\/2018\/09\/sud-radio-invino.jpg","articleSection":["Actualit\u00e9"],"inLanguage":"en-US"},{"@type":"WebPage","@id":"https:\/\/www.paulmas.com\/actualite\/sud-radio-in-vino-en-direct-des-domaines-paul-mas\/","url":"https:\/\/www.paulmas.com\/actualite\/sud-radio-in-vino-en-direct-des-domaines-paul-mas\/","name":"Sud Radio In Vino en direct des Domaines Paul Mas - Les Domaines Paul Mas","isPartOf":{"@id":"https:\/\/www.paulmas.com\/#website"},"primaryImageOfPage":{"@id":"https:\/\/www.paulmas.com\/actualite\/sud-radio-in-vino-en-direct-des-domaines-paul-mas\/#primaryimage"},"image":{"@id":"https:\/\/www.paulmas.com\/actualite\/sud-radio-in-vino-en-direct-des-domaines-paul-mas\/#primaryimage"},"thumbnailUrl":"https:\/\/www.paulmas.com\/wp-content\/uploads\/2018\/09\/sud-radio-invino.jpg","datePublished":"2018-09-06T09:24:17+00:00","dateModified":"2021-02-22T11:42:18+00:00","author":{"@id":"https:\/\/www.paulmas.com\/#\/schema\/person\/0255f01754a6d45e52362f3e20f6e032"},"breadcrumb":{"@id":"https:\/\/www.paulmas.com\/actualite\/sud-radio-in-vino-en-direct-des-domaines-paul-mas\/#breadcrumb"},"inLanguage":"en-US","potentialAction":[{"@type":"ReadAction","target":["https:\/\/www.paulmas.com\/actualite\/sud-radio-in-vino-en-direct-des-domaines-paul-mas\/"]}]},{"@type":"ImageObject","inLanguage":"en-US","@id":"https:\/\/www.paulmas.com\/actualite\/sud-radio-in-vino-en-direct-des-domaines-paul-mas\/#primaryimage","url":"https:\/\/www.paulmas.com\/wp-content\/uploads\/2018\/09\/sud-radio-invino.jpg","contentUrl":"https:\/\/www.paulmas.com\/wp-content\/uploads\/2018\/09\/sud-radio-invino.jpg","width":462,"height":653},{"@type":"BreadcrumbList","@id":"https:\/\/www.paulmas.com\/actualite\/sud-radio-in-vino-en-direct-des-domaines-paul-mas\/#breadcrumb","itemListElement":[{"@type":"ListItem","position":1,"name":"Accueil","item":"https:\/\/www.paulmas.com\/en\/"},{"@type":"ListItem","position":2,"name":"Sud Radio In Vino en direct des Domaines Paul Mas"}]},{"@type":"WebSite","@id":"https:\/\/www.paulmas.com\/#website","url":"https:\/\/www.paulmas.com\/","name":"Les Domaines Paul Mas","description":"Le luxe rural depuis 1892","potentialAction":[{"@type":"SearchAction","target":{"@type":"EntryPoint","urlTemplate":"https:\/\/www.paulmas.com\/?s={search_term_string}"},"query-input":{"@type":"PropertyValueSpecification","valueRequired":true,"valueName":"search_term_string"}}],"inLanguage":"en-US"},{"@type":"Person","@id":"https:\/\/www.paulmas.com\/#\/schema\/person\/0255f01754a6d45e52362f3e20f6e032","name":"paul mas","url":"https:\/\/www.paulmas.com\/en\/author\/paul-mas\/"}]}},"_links":{"self":[{"href":"https:\/\/www.paulmas.com\/en\/wp-json\/wp\/v2\/posts\/3797","targetHints":{"allow":["GET"]}}],"collection":[{"href":"https:\/\/www.paulmas.com\/en\/wp-json\/wp\/v2\/posts"}],"about":[{"href":"https:\/\/www.paulmas.com\/en\/wp-json\/wp\/v2\/types\/post"}],"author":[{"embeddable":true,"href":"https:\/\/www.paulmas.com\/en\/wp-json\/wp\/v2\/users\/2"}],"replies":[{"embeddable":true,"href":"https:\/\/www.paulmas.com\/en\/wp-json\/wp\/v2\/comments?post=3797"}],"version-history":[{"count":3,"href":"https:\/\/www.paulmas.com\/en\/wp-json\/wp\/v2\/posts\/3797\/revisions"}],"predecessor-version":[{"id":3802,"href":"https:\/\/www.paulmas.com\/en\/wp-json\/wp\/v2\/posts\/3797\/revisions\/3802"}],"wp:featuredmedia":[{"embeddable":true,"href":"https:\/\/www.paulmas.com\/en\/wp-json\/wp\/v2\/media\/3795"}],"wp:attachment":[{"href":"https:\/\/www.paulmas.com\/en\/wp-json\/wp\/v2\/media?parent=3797"}],"wp:term":[{"taxonomy":"category","embeddable":true,"href":"https:\/\/www.paulmas.com\/en\/wp-json\/wp\/v2\/categories?post=3797"},{"taxonomy":"post_tag","embeddable":true,"href":"https:\/\/www.paulmas.com\/en\/wp-json\/wp\/v2\/tags?post=3797"}],"curies":[{"name":"wp","href":"https:\/\/api.w.org\/{rel}","templated":true}]}}