{"id":3479,"date":"2018-05-11T09:19:46","date_gmt":"2018-05-11T09:19:46","guid":{"rendered":"https:\/\/paulmas.com\/?p=3479"},"modified":"2021-02-22T11:42:36","modified_gmt":"2021-02-22T11:42:36","slug":"mas-des-tannes-reserve-rouge-2015-par-vins-et-gastronomie","status":"publish","type":"post","link":"https:\/\/www.paulmas.com\/en\/presse\/mas-des-tannes-reserve-rouge-2015-par-vins-et-gastronomie\/","title":{"rendered":"Mas des Tannes R\u00e9serve rouge 2015 par Vins et Gastronomie"},"content":{"rendered":"<p>Mas des Tannes \u00ab R\u00e9serve \u00bb rouge 2015, note de\u00a0d\u00e9gustation sur Vins et Gastronomie :<\/p>\n<p><a href=\"https:\/\/www.vinsetgastronomie.com\/mas-tannes-reserve-rouge-2015-igp-pays-doc-vin-bio\/\" target=\"_blank\" rel=\"noopener\">https:\/\/www.vinsetgastronomie.com\/mas-tannes-reserve-rouge-2015-igp-pays-doc-vin-bio\/<\/a><\/p>\n<blockquote class=\"instagram-media\" style=\"background: #FFF; border: 0; border-radius: 3px; box-shadow: 0 0 1px 0 rgba(0,0,0,0.5),0 1px 10px 0 rgba(0,0,0,0.15); margin: 1px; max-width: 658px; padding: 0; width: calc(100% - 2px);\" data-instgrm-captioned=\"\" data-instgrm-permalink=\"https:\/\/www.instagram.com\/p\/BiW05YVhDSO\/\" data-instgrm-version=\"8\">\n<div style=\"padding: 8px;\">\n<div style=\"background: #F8F8F8; line-height: 0; margin-top: 40px; padding: 32.79352226720648% 0; text-align: center; width: 100%;\">\n<div style=\"background: url(data:image\/png; base64,ivborw0kggoaaaansuheugaaacwaaaascamaaaapwqozaaaabgdbtueaalgpc\/xhbqaaaafzukdcak7ohokaaaamuexurczmzpf399fx1+bm5mzy9amaaadisurbvdjlvzxbesmgces5\/p8\/t9furvcrmu73jwlzosgsiizurcjo\/ad+eqjjb4hv8bft+idpqocx1wjosbfhh2xssxeiyn3uli\/6mnree07uiwjev8ueowds88ly97kqytlijkktuybbruayvh5wohixmpi5we58ek028czwyuqdlkpg1bkb4nnm+veanfhqn1k4+gpt6ugqcvu2h2ovuif\/gwufyy8owepdyzsa3avcqpvovvzzz2vtnn2wu8qzvjddeto90gsy9mvlqtgysy231mxry6i2ggqjrty0l8fxcxfcbbhwrsyyaaaaaelftksuqmcc); display: block; height: 44px; margin: 0 auto -44px; position: relative; top: -22px; width: 44px;\"><\/div>\n<\/div>\n<p style=\"margin: 8px 0 0 0; padding: 0 4px;\"><a style=\"color: #000; font-family: Arial,sans-serif; font-size: 14px; font-style: normal; font-weight: normal; line-height: 17px; text-decoration: none; word-wrap: break-word;\" href=\"https:\/\/www.instagram.com\/p\/BiW05YVhDSO\/\" target=\"_blank\" rel=\"noopener\">Mas des Tannes \u00ab R\u00e9serve \u00bb rouge 2015 \u2013 IGP Pays d\u2019Oc (vin bio) D\u2019un jolis rouge rubis, sa robe ouvre la voie \u00e0 un nez complexe, fruit\u00e9 m\u00fbr avec un fond de garrigue (eucalyptus, menthol) et de l\u00e9g\u00e8res touches d\u2019amandes fra\u00eeches. Une fra\u00eecheur que l\u2019on retrouve dans une bouche tr\u00e8s \u00e9quilibr\u00e9e jusqu\u2019\u00e0 la finale fruit\u00e9e \u00e0 souhait. Prix : 11,65 euros #tasting #vins #lanquedoc #paulmas #vinspaysdocigp #magazinevinsetgastronomie #vinsetgastronomie<\/a><\/p>\n<p style=\"color: #c9c8cd; font-family: Arial,sans-serif; font-size: 14px; line-height: 17px; margin-bottom: 0; margin-top: 8px; overflow: hidden; padding: 8px 0 7px; text-align: center; text-overflow: ellipsis; white-space: nowrap;\">Une publication partag\u00e9e par <a style=\"color: #c9c8cd; font-family: Arial,sans-serif; font-size: 14px; font-style: normal; font-weight: normal; line-height: 17px;\" href=\"https:\/\/www.instagram.com\/vinsetgastronomie\/\" target=\"_blank\" rel=\"noopener\"> Vins &amp; Gastronomie<\/a> (@vinsetgastronomie) le <time style=\"font-family: Arial,sans-serif; font-size: 14px; line-height: 17px;\" datetime=\"2018-05-04T13:09:09+00:00\">4 Mai 2018 \u00e0 6\u00a0:09 PDT<\/time><\/p>\n<\/div>\n<\/blockquote>\n<p><script async defer src=\"\/\/www.instagram.com\/embed.js\"><\/script><\/p>\n","protected":false},"excerpt":{"rendered":"<p>Mas des Tannes \u00ab R\u00e9serve \u00bb rouge 2015, note de\u00a0d\u00e9gustation sur Vins et Gastronomie : https:\/\/www.vinsetgastronomie.com\/mas-tannes-reserve-rouge-2015-igp-pays-doc-vin-bio\/ Mas des Tannes \u00ab R\u00e9serve \u00bb rouge 2015 \u2013 IGP Pays d\u2019Oc (vin bio) D\u2019un jolis rouge rubis, sa robe ouvre la voie \u00e0 un nez complexe, fruit\u00e9 m\u00fbr avec un fond de garrigue (eucalyptus, menthol) et de l\u00e9g\u00e8res [&hellip;]<\/p>\n","protected":false},"author":2,"featured_media":3480,"comment_status":"closed","ping_status":"open","sticky":false,"template":"","format":"standard","meta":{"_et_pb_use_builder":"","_et_pb_old_content":"","_et_gb_content_width":"","footnotes":""},"categories":[3],"tags":[],"class_list":["post-3479","post","type-post","status-publish","format-standard","has-post-thumbnail","hentry","category-presse"],"yoast_head":"<!-- This site is optimized with the Yoast SEO plugin v27.4 - https:\/\/yoast.com\/product\/yoast-seo-wordpress\/ -->\n<title>Mas des Tannes R\u00e9serve rouge 2015 par Vins et Gastronomie - Les Domaines Paul Mas<\/title>\n<meta name=\"robots\" content=\"index, follow, max-snippet:-1, max-image-preview:large, max-video-preview:-1\" \/>\n<link rel=\"canonical\" href=\"https:\/\/www.paulmas.com\/en\/presse\/mas-des-tannes-reserve-rouge-2015-par-vins-et-gastronomie\/\" \/>\n<meta property=\"og:locale\" content=\"en_US\" \/>\n<meta property=\"og:type\" content=\"article\" \/>\n<meta property=\"og:title\" content=\"Mas des Tannes R\u00e9serve rouge 2015 par Vins et Gastronomie - Les Domaines Paul Mas\" \/>\n<meta property=\"og:description\" content=\"Mas des Tannes \u00ab R\u00e9serve \u00bb rouge 2015, note de\u00a0d\u00e9gustation sur Vins et Gastronomie : https:\/\/www.vinsetgastronomie.com\/mas-tannes-reserve-rouge-2015-igp-pays-doc-vin-bio\/ Mas des Tannes \u00ab R\u00e9serve \u00bb rouge 2015 \u2013 IGP Pays d\u2019Oc (vin bio) D\u2019un jolis rouge rubis, sa robe ouvre la voie \u00e0 un nez complexe, fruit\u00e9 m\u00fbr avec un fond de garrigue (eucalyptus, menthol) et de l\u00e9g\u00e8res [&hellip;]\" \/>\n<meta property=\"og:url\" content=\"https:\/\/www.paulmas.com\/en\/presse\/mas-des-tannes-reserve-rouge-2015-par-vins-et-gastronomie\/\" \/>\n<meta property=\"og:site_name\" content=\"Les Domaines Paul Mas\" \/>\n<meta property=\"article:published_time\" content=\"2018-05-11T09:19:46+00:00\" \/>\n<meta property=\"article:modified_time\" content=\"2021-02-22T11:42:36+00:00\" \/>\n<meta property=\"og:image\" content=\"https:\/\/www.paulmas.com\/wp-content\/uploads\/2018\/05\/vinsetgastronomie.png\" \/>\n\t<meta property=\"og:image:width\" content=\"980\" \/>\n\t<meta property=\"og:image:height\" content=\"835\" \/>\n\t<meta property=\"og:image:type\" content=\"image\/png\" \/>\n<meta name=\"author\" content=\"paul mas\" \/>\n<meta name=\"twitter:card\" content=\"summary_large_image\" \/>\n<meta name=\"twitter:label1\" content=\"Written by\" \/>\n\t<meta name=\"twitter:data1\" content=\"paul mas\" \/>\n\t<meta name=\"twitter:label2\" content=\"Est. reading time\" \/>\n\t<meta name=\"twitter:data2\" content=\"1 minute\" \/>\n<script type=\"application\/ld+json\" class=\"yoast-schema-graph\">{\"@context\":\"https:\\\/\\\/schema.org\",\"@graph\":[{\"@type\":\"Article\",\"@id\":\"https:\\\/\\\/www.paulmas.com\\\/en\\\/presse\\\/mas-des-tannes-reserve-rouge-2015-par-vins-et-gastronomie\\\/#article\",\"isPartOf\":{\"@id\":\"https:\\\/\\\/www.paulmas.com\\\/en\\\/presse\\\/mas-des-tannes-reserve-rouge-2015-par-vins-et-gastronomie\\\/\"},\"author\":{\"name\":\"paul mas\",\"@id\":\"https:\\\/\\\/www.paulmas.com\\\/#\\\/schema\\\/person\\\/0255f01754a6d45e52362f3e20f6e032\"},\"headline\":\"Mas des Tannes R\u00e9serve rouge 2015 par Vins et Gastronomie\",\"datePublished\":\"2018-05-11T09:19:46+00:00\",\"dateModified\":\"2021-02-22T11:42:36+00:00\",\"mainEntityOfPage\":{\"@id\":\"https:\\\/\\\/www.paulmas.com\\\/en\\\/presse\\\/mas-des-tannes-reserve-rouge-2015-par-vins-et-gastronomie\\\/\"},\"wordCount\":116,\"image\":{\"@id\":\"https:\\\/\\\/www.paulmas.com\\\/en\\\/presse\\\/mas-des-tannes-reserve-rouge-2015-par-vins-et-gastronomie\\\/#primaryimage\"},\"thumbnailUrl\":\"https:\\\/\\\/www.paulmas.com\\\/wp-content\\\/uploads\\\/2018\\\/05\\\/vinsetgastronomie.png\",\"articleSection\":[\"Revue de Presse\"],\"inLanguage\":\"en-US\"},{\"@type\":\"WebPage\",\"@id\":\"https:\\\/\\\/www.paulmas.com\\\/en\\\/presse\\\/mas-des-tannes-reserve-rouge-2015-par-vins-et-gastronomie\\\/\",\"url\":\"https:\\\/\\\/www.paulmas.com\\\/en\\\/presse\\\/mas-des-tannes-reserve-rouge-2015-par-vins-et-gastronomie\\\/\",\"name\":\"Mas des Tannes R\u00e9serve rouge 2015 par Vins et Gastronomie - Les Domaines Paul Mas\",\"isPartOf\":{\"@id\":\"https:\\\/\\\/www.paulmas.com\\\/#website\"},\"primaryImageOfPage\":{\"@id\":\"https:\\\/\\\/www.paulmas.com\\\/en\\\/presse\\\/mas-des-tannes-reserve-rouge-2015-par-vins-et-gastronomie\\\/#primaryimage\"},\"image\":{\"@id\":\"https:\\\/\\\/www.paulmas.com\\\/en\\\/presse\\\/mas-des-tannes-reserve-rouge-2015-par-vins-et-gastronomie\\\/#primaryimage\"},\"thumbnailUrl\":\"https:\\\/\\\/www.paulmas.com\\\/wp-content\\\/uploads\\\/2018\\\/05\\\/vinsetgastronomie.png\",\"datePublished\":\"2018-05-11T09:19:46+00:00\",\"dateModified\":\"2021-02-22T11:42:36+00:00\",\"author\":{\"@id\":\"https:\\\/\\\/www.paulmas.com\\\/#\\\/schema\\\/person\\\/0255f01754a6d45e52362f3e20f6e032\"},\"breadcrumb\":{\"@id\":\"https:\\\/\\\/www.paulmas.com\\\/en\\\/presse\\\/mas-des-tannes-reserve-rouge-2015-par-vins-et-gastronomie\\\/#breadcrumb\"},\"inLanguage\":\"en-US\",\"potentialAction\":[{\"@type\":\"ReadAction\",\"target\":[\"https:\\\/\\\/www.paulmas.com\\\/en\\\/presse\\\/mas-des-tannes-reserve-rouge-2015-par-vins-et-gastronomie\\\/\"]}]},{\"@type\":\"ImageObject\",\"inLanguage\":\"en-US\",\"@id\":\"https:\\\/\\\/www.paulmas.com\\\/en\\\/presse\\\/mas-des-tannes-reserve-rouge-2015-par-vins-et-gastronomie\\\/#primaryimage\",\"url\":\"https:\\\/\\\/www.paulmas.com\\\/wp-content\\\/uploads\\\/2018\\\/05\\\/vinsetgastronomie.png\",\"contentUrl\":\"https:\\\/\\\/www.paulmas.com\\\/wp-content\\\/uploads\\\/2018\\\/05\\\/vinsetgastronomie.png\",\"width\":980,\"height\":835},{\"@type\":\"BreadcrumbList\",\"@id\":\"https:\\\/\\\/www.paulmas.com\\\/en\\\/presse\\\/mas-des-tannes-reserve-rouge-2015-par-vins-et-gastronomie\\\/#breadcrumb\",\"itemListElement\":[{\"@type\":\"ListItem\",\"position\":1,\"name\":\"Accueil\",\"item\":\"https:\\\/\\\/www.paulmas.com\\\/en\\\/\"},{\"@type\":\"ListItem\",\"position\":2,\"name\":\"Mas des Tannes R\u00e9serve rouge 2015 par Vins et Gastronomie\"}]},{\"@type\":\"WebSite\",\"@id\":\"https:\\\/\\\/www.paulmas.com\\\/#website\",\"url\":\"https:\\\/\\\/www.paulmas.com\\\/\",\"name\":\"Les Domaines Paul Mas\",\"description\":\"Le luxe rural depuis 1892\",\"potentialAction\":[{\"@type\":\"SearchAction\",\"target\":{\"@type\":\"EntryPoint\",\"urlTemplate\":\"https:\\\/\\\/www.paulmas.com\\\/?s={search_term_string}\"},\"query-input\":{\"@type\":\"PropertyValueSpecification\",\"valueRequired\":true,\"valueName\":\"search_term_string\"}}],\"inLanguage\":\"en-US\"},{\"@type\":\"Person\",\"@id\":\"https:\\\/\\\/www.paulmas.com\\\/#\\\/schema\\\/person\\\/0255f01754a6d45e52362f3e20f6e032\",\"name\":\"paul mas\",\"url\":\"https:\\\/\\\/www.paulmas.com\\\/en\\\/author\\\/paul-mas\\\/\"}]}<\/script>\n<!-- \/ Yoast SEO plugin. -->","yoast_head_json":{"title":"Mas des Tannes R\u00e9serve rouge 2015 par Vins et Gastronomie - Les Domaines Paul Mas","robots":{"index":"index","follow":"follow","max-snippet":"max-snippet:-1","max-image-preview":"max-image-preview:large","max-video-preview":"max-video-preview:-1"},"canonical":"https:\/\/www.paulmas.com\/en\/presse\/mas-des-tannes-reserve-rouge-2015-par-vins-et-gastronomie\/","og_locale":"en_US","og_type":"article","og_title":"Mas des Tannes R\u00e9serve rouge 2015 par Vins et Gastronomie - Les Domaines Paul Mas","og_description":"Mas des Tannes \u00ab R\u00e9serve \u00bb rouge 2015, note de\u00a0d\u00e9gustation sur Vins et Gastronomie : https:\/\/www.vinsetgastronomie.com\/mas-tannes-reserve-rouge-2015-igp-pays-doc-vin-bio\/ Mas des Tannes \u00ab R\u00e9serve \u00bb rouge 2015 \u2013 IGP Pays d\u2019Oc (vin bio) D\u2019un jolis rouge rubis, sa robe ouvre la voie \u00e0 un nez complexe, fruit\u00e9 m\u00fbr avec un fond de garrigue (eucalyptus, menthol) et de l\u00e9g\u00e8res [&hellip;]","og_url":"https:\/\/www.paulmas.com\/en\/presse\/mas-des-tannes-reserve-rouge-2015-par-vins-et-gastronomie\/","og_site_name":"Les Domaines Paul Mas","article_published_time":"2018-05-11T09:19:46+00:00","article_modified_time":"2021-02-22T11:42:36+00:00","og_image":[{"width":980,"height":835,"url":"https:\/\/www.paulmas.com\/wp-content\/uploads\/2018\/05\/vinsetgastronomie.png","type":"image\/png"}],"author":"paul mas","twitter_card":"summary_large_image","twitter_misc":{"Written by":"paul mas","Est. reading time":"1 minute"},"schema":{"@context":"https:\/\/schema.org","@graph":[{"@type":"Article","@id":"https:\/\/www.paulmas.com\/en\/presse\/mas-des-tannes-reserve-rouge-2015-par-vins-et-gastronomie\/#article","isPartOf":{"@id":"https:\/\/www.paulmas.com\/en\/presse\/mas-des-tannes-reserve-rouge-2015-par-vins-et-gastronomie\/"},"author":{"name":"paul mas","@id":"https:\/\/www.paulmas.com\/#\/schema\/person\/0255f01754a6d45e52362f3e20f6e032"},"headline":"Mas des Tannes R\u00e9serve rouge 2015 par Vins et Gastronomie","datePublished":"2018-05-11T09:19:46+00:00","dateModified":"2021-02-22T11:42:36+00:00","mainEntityOfPage":{"@id":"https:\/\/www.paulmas.com\/en\/presse\/mas-des-tannes-reserve-rouge-2015-par-vins-et-gastronomie\/"},"wordCount":116,"image":{"@id":"https:\/\/www.paulmas.com\/en\/presse\/mas-des-tannes-reserve-rouge-2015-par-vins-et-gastronomie\/#primaryimage"},"thumbnailUrl":"https:\/\/www.paulmas.com\/wp-content\/uploads\/2018\/05\/vinsetgastronomie.png","articleSection":["Revue de Presse"],"inLanguage":"en-US"},{"@type":"WebPage","@id":"https:\/\/www.paulmas.com\/en\/presse\/mas-des-tannes-reserve-rouge-2015-par-vins-et-gastronomie\/","url":"https:\/\/www.paulmas.com\/en\/presse\/mas-des-tannes-reserve-rouge-2015-par-vins-et-gastronomie\/","name":"Mas des Tannes R\u00e9serve rouge 2015 par Vins et Gastronomie - Les Domaines Paul Mas","isPartOf":{"@id":"https:\/\/www.paulmas.com\/#website"},"primaryImageOfPage":{"@id":"https:\/\/www.paulmas.com\/en\/presse\/mas-des-tannes-reserve-rouge-2015-par-vins-et-gastronomie\/#primaryimage"},"image":{"@id":"https:\/\/www.paulmas.com\/en\/presse\/mas-des-tannes-reserve-rouge-2015-par-vins-et-gastronomie\/#primaryimage"},"thumbnailUrl":"https:\/\/www.paulmas.com\/wp-content\/uploads\/2018\/05\/vinsetgastronomie.png","datePublished":"2018-05-11T09:19:46+00:00","dateModified":"2021-02-22T11:42:36+00:00","author":{"@id":"https:\/\/www.paulmas.com\/#\/schema\/person\/0255f01754a6d45e52362f3e20f6e032"},"breadcrumb":{"@id":"https:\/\/www.paulmas.com\/en\/presse\/mas-des-tannes-reserve-rouge-2015-par-vins-et-gastronomie\/#breadcrumb"},"inLanguage":"en-US","potentialAction":[{"@type":"ReadAction","target":["https:\/\/www.paulmas.com\/en\/presse\/mas-des-tannes-reserve-rouge-2015-par-vins-et-gastronomie\/"]}]},{"@type":"ImageObject","inLanguage":"en-US","@id":"https:\/\/www.paulmas.com\/en\/presse\/mas-des-tannes-reserve-rouge-2015-par-vins-et-gastronomie\/#primaryimage","url":"https:\/\/www.paulmas.com\/wp-content\/uploads\/2018\/05\/vinsetgastronomie.png","contentUrl":"https:\/\/www.paulmas.com\/wp-content\/uploads\/2018\/05\/vinsetgastronomie.png","width":980,"height":835},{"@type":"BreadcrumbList","@id":"https:\/\/www.paulmas.com\/en\/presse\/mas-des-tannes-reserve-rouge-2015-par-vins-et-gastronomie\/#breadcrumb","itemListElement":[{"@type":"ListItem","position":1,"name":"Accueil","item":"https:\/\/www.paulmas.com\/en\/"},{"@type":"ListItem","position":2,"name":"Mas des Tannes R\u00e9serve rouge 2015 par Vins et Gastronomie"}]},{"@type":"WebSite","@id":"https:\/\/www.paulmas.com\/#website","url":"https:\/\/www.paulmas.com\/","name":"Les Domaines Paul Mas","description":"Le luxe rural depuis 1892","potentialAction":[{"@type":"SearchAction","target":{"@type":"EntryPoint","urlTemplate":"https:\/\/www.paulmas.com\/?s={search_term_string}"},"query-input":{"@type":"PropertyValueSpecification","valueRequired":true,"valueName":"search_term_string"}}],"inLanguage":"en-US"},{"@type":"Person","@id":"https:\/\/www.paulmas.com\/#\/schema\/person\/0255f01754a6d45e52362f3e20f6e032","name":"paul mas","url":"https:\/\/www.paulmas.com\/en\/author\/paul-mas\/"}]}},"_links":{"self":[{"href":"https:\/\/www.paulmas.com\/en\/wp-json\/wp\/v2\/posts\/3479","targetHints":{"allow":["GET"]}}],"collection":[{"href":"https:\/\/www.paulmas.com\/en\/wp-json\/wp\/v2\/posts"}],"about":[{"href":"https:\/\/www.paulmas.com\/en\/wp-json\/wp\/v2\/types\/post"}],"author":[{"embeddable":true,"href":"https:\/\/www.paulmas.com\/en\/wp-json\/wp\/v2\/users\/2"}],"replies":[{"embeddable":true,"href":"https:\/\/www.paulmas.com\/en\/wp-json\/wp\/v2\/comments?post=3479"}],"version-history":[{"count":1,"href":"https:\/\/www.paulmas.com\/en\/wp-json\/wp\/v2\/posts\/3479\/revisions"}],"predecessor-version":[{"id":3482,"href":"https:\/\/www.paulmas.com\/en\/wp-json\/wp\/v2\/posts\/3479\/revisions\/3482"}],"wp:featuredmedia":[{"embeddable":true,"href":"https:\/\/www.paulmas.com\/en\/wp-json\/wp\/v2\/media\/3480"}],"wp:attachment":[{"href":"https:\/\/www.paulmas.com\/en\/wp-json\/wp\/v2\/media?parent=3479"}],"wp:term":[{"taxonomy":"category","embeddable":true,"href":"https:\/\/www.paulmas.com\/en\/wp-json\/wp\/v2\/categories?post=3479"},{"taxonomy":"post_tag","embeddable":true,"href":"https:\/\/www.paulmas.com\/en\/wp-json\/wp\/v2\/tags?post=3479"}],"curies":[{"name":"wp","href":"https:\/\/api.w.org\/{rel}","templated":true}]}}