{"id":3426,"date":"2018-03-26T08:54:12","date_gmt":"2018-03-26T08:54:12","guid":{"rendered":"https:\/\/paulmas.com\/?p=3426"},"modified":"2021-02-22T11:43:06","modified_gmt":"2021-02-22T11:43:06","slug":"vins-du-languedoc-la-selection-du-monde-par-laure-gasparotto-et-ophelie-neiman","status":"publish","type":"post","link":"https:\/\/www.paulmas.com\/en\/presse\/vins-du-languedoc-la-selection-du-monde-par-laure-gasparotto-et-ophelie-neiman\/","title":{"rendered":"Vins du Languedoc : la s\u00e9lection du \u00ab Monde \u00bb par Laure Gasparotto et Oph\u00e9lie Neiman"},"content":{"rendered":"<div class=\"\" data-block=\"true\" data-editor=\"a140b\" data-offset-key=\"60g6k-0-0\">\n<h3 class=\"_1mf _1mj\" data-offset-key=\"60g6k-0-0\"><span data-offset-key=\"60g6k-0-0\">Vins du Languedoc : la s\u00e9lection du \u00ab Monde \u00bb<\/span><\/h3>\n<\/div>\n<div class=\"\" data-block=\"true\" data-editor=\"a140b\" data-offset-key=\"as6fq-0-0\">\n<div class=\"_1mf _1mj\" data-offset-key=\"as6fq-0-0\"><span data-offset-key=\"as6fq-0-0\"><strong>Go\u00fbt\u00e9es \u00e0 l\u2019aveugle<\/strong> et choisies parmi une centaine de bouteilles, trente r\u00e9f\u00e9rences propos\u00e9es par <\/span><span class=\"_247o\" spellcheck=\"false\" data-offset-key=\"as6fq-1-0\"><span data-offset-key=\"as6fq-1-0\">Gasparotto Laure<\/span><\/span><span data-offset-key=\"as6fq-2-0\"> et <\/span><span class=\"_247o\" spellcheck=\"false\" data-offset-key=\"as6fq-3-0\"><span data-offset-key=\"as6fq-3-0\">Oph\u00e9lie Neiman<\/span><\/span><span data-offset-key=\"as6fq-4-0\"> :<\/span><\/div>\n<\/div>\n<p><!--more--><\/p>\n<div class=\"\" data-block=\"true\" data-editor=\"a140b\" data-offset-key=\"6btqd-0-0\">\n<div class=\"_1mf _1mj\" data-offset-key=\"6btqd-0-0\"><span data-offset-key=\"6btqd-0-0\">\u00a0<\/span><\/div>\n<\/div>\n<div class=\"\" data-block=\"true\" data-editor=\"a140b\" data-offset-key=\"1s7tq-0-0\">\n<h2 class=\"_1mf _1mj\" data-offset-key=\"1s7tq-0-0\"><span data-offset-key=\"1s7tq-0-0\">Ch\u00e2teau J\u00e9r\u00e9mie, 2016 en AOC corbi\u00e8res :<\/span><\/h2>\n<\/div>\n<div class=\"\" data-block=\"true\" data-editor=\"a140b\" data-offset-key=\"80g14-0-0\">\n<div class=\"_1mf _1mj\" data-offset-key=\"80g14-0-0\"><span data-offset-key=\"80g14-0-0\">&#8220;Corbi\u00e8res ne saurait mentir ! La personnalit\u00e9 de ce vin se r\u00e9v\u00e8le de mani\u00e8re affirm\u00e9e, notamment gr\u00e2ce \u00e0 des saveurs franches de poivre et d\u2019\u00e9pices douces. Un vin habile \u00e0 un prix avantageux. 11,50 \u20ac.&#8221;<\/span><\/div>\n<\/div>\n<div class=\"\" data-block=\"true\" data-editor=\"a140b\" data-offset-key=\"3t28l-0-0\">\n<div class=\"_1mf _1mj\" data-offset-key=\"3t28l-0-0\"><span data-offset-key=\"3t28l-0-0\">\u00a0<\/span><\/div>\n<\/div>\n<div class=\"\" data-block=\"true\" data-editor=\"a140b\" data-offset-key=\"cugb4-0-0\">\n<h2 class=\"_1mf _1mj\" data-offset-key=\"cugb4-0-0\"><span data-offset-key=\"cugb4-0-0\">Ch\u00e2teau Lauriga, c\u00f4tes-du- \u00adroussillon, \u00ab Cuv\u00e9e Bastien \u00bb, 2015<\/span><\/h2>\n<\/div>\n<div class=\"\" data-block=\"true\" data-editor=\"a140b\" data-offset-key=\"4s0bg-0-0\">\n<div class=\"_1mf _1mj\" data-offset-key=\"4s0bg-0-0\"><span data-offset-key=\"4s0bg-0-0\">&#8220;Voil\u00e0 qui est bien balanc\u00e9, cadr\u00e9 autour de tanins pr\u00e9cis et intelligemment travaill\u00e9s. Encore une fois, ce terroir prouve qu\u2019on peut en tirer des vins d\u2019une fra\u00eecheur \u00e9tonnante. Tr\u00e8s belle longueur autour de saveurs min\u00e9rales. 11,70 \u20ac.&#8221;<\/span><\/div>\n<div data-offset-key=\"4s0bg-0-0\"><img loading=\"lazy\" decoding=\"async\" class=\"alignnone size-full wp-image-3428\" src=\"https:\/\/www.paulmas.com\/wp-content\/uploads\/2018\/03\/lemonde-languedoc.jpg\" alt=\"\" width=\"800\" height=\"1371\" srcset=\"https:\/\/www.paulmas.com\/wp-content\/uploads\/2018\/03\/lemonde-languedoc.jpg 800w, https:\/\/www.paulmas.com\/wp-content\/uploads\/2018\/03\/lemonde-languedoc-175x300.jpg 175w, https:\/\/www.paulmas.com\/wp-content\/uploads\/2018\/03\/lemonde-languedoc-768x1316.jpg 768w, https:\/\/www.paulmas.com\/wp-content\/uploads\/2018\/03\/lemonde-languedoc-598x1024.jpg 598w, https:\/\/www.paulmas.com\/wp-content\/uploads\/2018\/03\/lemonde-languedoc-600x1028.jpg 600w\" sizes=\"(max-width: 800px) 100vw, 800px\" \/><\/div>\n<\/div>\n<div class=\"\" data-block=\"true\" data-editor=\"a140b\" data-offset-key=\"3b80h-0-0\">\n<div class=\"_1mf _1mj\" data-offset-key=\"3b80h-0-0\"><span data-offset-key=\"3b80h-0-0\">\u00a0<\/span><\/div>\n<\/div>\n<div class=\"\" data-block=\"true\" data-editor=\"a140b\" data-offset-key=\"6vj2v-0-0\">\n<div class=\"_1mf _1mj\" data-offset-key=\"6vj2v-0-0\"><strong>En savoir plus sur <a href=\"http:\/\/www.lemonde.fr\/vins\/article\/2018\/03\/24\/vins-du-languedoc-la-selection-du-monde_5275941_3527806.html#7XWXzGX9muuORXUt.99\" target=\"_blank\" rel=\"noopener\">http:\/\/www.lemonde.fr<\/a><\/strong><\/div>\n<\/div>\n","protected":false},"excerpt":{"rendered":"<p>Vins du Languedoc : la s\u00e9lection du \u00ab Monde \u00bb Go\u00fbt\u00e9es \u00e0 l\u2019aveugle et choisies parmi une centaine de bouteilles, trente r\u00e9f\u00e9rences propos\u00e9es par Gasparotto Laure et Oph\u00e9lie Neiman :<\/p>\n","protected":false},"author":2,"featured_media":3428,"comment_status":"closed","ping_status":"open","sticky":false,"template":"","format":"standard","meta":{"_et_pb_use_builder":"","_et_pb_old_content":"","_et_gb_content_width":"","footnotes":""},"categories":[3],"tags":[],"class_list":["post-3426","post","type-post","status-publish","format-standard","has-post-thumbnail","hentry","category-presse"],"yoast_head":"<!-- This site is optimized with the Yoast SEO plugin v27.4 - https:\/\/yoast.com\/product\/yoast-seo-wordpress\/ -->\n<title>Vins du Languedoc : la s\u00e9lection du \u00ab Monde \u00bb par Laure Gasparotto et Oph\u00e9lie Neiman - Les Domaines Paul Mas<\/title>\n<meta name=\"robots\" content=\"index, follow, max-snippet:-1, max-image-preview:large, max-video-preview:-1\" \/>\n<link rel=\"canonical\" href=\"https:\/\/www.paulmas.com\/en\/presse\/vins-du-languedoc-la-selection-du-monde-par-laure-gasparotto-et-ophelie-neiman\/\" \/>\n<meta property=\"og:locale\" content=\"en_US\" \/>\n<meta property=\"og:type\" content=\"article\" \/>\n<meta property=\"og:title\" content=\"Vins du Languedoc : la s\u00e9lection du \u00ab Monde \u00bb par Laure Gasparotto et Oph\u00e9lie Neiman - Les Domaines Paul Mas\" \/>\n<meta property=\"og:description\" content=\"Vins du Languedoc : la s\u00e9lection du \u00ab Monde \u00bb Go\u00fbt\u00e9es \u00e0 l\u2019aveugle et choisies parmi une centaine de bouteilles, trente r\u00e9f\u00e9rences propos\u00e9es par Gasparotto Laure et Oph\u00e9lie Neiman :\" \/>\n<meta property=\"og:url\" content=\"https:\/\/www.paulmas.com\/en\/presse\/vins-du-languedoc-la-selection-du-monde-par-laure-gasparotto-et-ophelie-neiman\/\" \/>\n<meta property=\"og:site_name\" content=\"Les Domaines Paul Mas\" \/>\n<meta property=\"article:published_time\" content=\"2018-03-26T08:54:12+00:00\" \/>\n<meta property=\"article:modified_time\" content=\"2021-02-22T11:43:06+00:00\" \/>\n<meta property=\"og:image\" content=\"https:\/\/www.paulmas.com\/wp-content\/uploads\/2018\/03\/lemonde-languedoc.jpg\" \/>\n\t<meta property=\"og:image:width\" content=\"800\" \/>\n\t<meta property=\"og:image:height\" content=\"1371\" \/>\n\t<meta property=\"og:image:type\" content=\"image\/jpeg\" \/>\n<meta name=\"author\" content=\"paul mas\" \/>\n<meta name=\"twitter:card\" content=\"summary_large_image\" \/>\n<meta name=\"twitter:label1\" content=\"Written by\" \/>\n\t<meta name=\"twitter:data1\" content=\"paul mas\" \/>\n\t<meta name=\"twitter:label2\" content=\"Est. reading time\" \/>\n\t<meta name=\"twitter:data2\" content=\"1 minute\" \/>\n<script type=\"application\/ld+json\" class=\"yoast-schema-graph\">{\"@context\":\"https:\\\/\\\/schema.org\",\"@graph\":[{\"@type\":\"Article\",\"@id\":\"https:\\\/\\\/www.paulmas.com\\\/en\\\/presse\\\/vins-du-languedoc-la-selection-du-monde-par-laure-gasparotto-et-ophelie-neiman\\\/#article\",\"isPartOf\":{\"@id\":\"https:\\\/\\\/www.paulmas.com\\\/en\\\/presse\\\/vins-du-languedoc-la-selection-du-monde-par-laure-gasparotto-et-ophelie-neiman\\\/\"},\"author\":{\"name\":\"paul mas\",\"@id\":\"https:\\\/\\\/www.paulmas.com\\\/#\\\/schema\\\/person\\\/0255f01754a6d45e52362f3e20f6e032\"},\"headline\":\"Vins du Languedoc : la s\u00e9lection du \u00ab Monde \u00bb par Laure Gasparotto et Oph\u00e9lie Neiman\",\"datePublished\":\"2018-03-26T08:54:12+00:00\",\"dateModified\":\"2021-02-22T11:43:06+00:00\",\"mainEntityOfPage\":{\"@id\":\"https:\\\/\\\/www.paulmas.com\\\/en\\\/presse\\\/vins-du-languedoc-la-selection-du-monde-par-laure-gasparotto-et-ophelie-neiman\\\/\"},\"wordCount\":153,\"image\":{\"@id\":\"https:\\\/\\\/www.paulmas.com\\\/en\\\/presse\\\/vins-du-languedoc-la-selection-du-monde-par-laure-gasparotto-et-ophelie-neiman\\\/#primaryimage\"},\"thumbnailUrl\":\"https:\\\/\\\/www.paulmas.com\\\/wp-content\\\/uploads\\\/2018\\\/03\\\/lemonde-languedoc.jpg\",\"articleSection\":[\"Revue de Presse\"],\"inLanguage\":\"en-US\"},{\"@type\":\"WebPage\",\"@id\":\"https:\\\/\\\/www.paulmas.com\\\/en\\\/presse\\\/vins-du-languedoc-la-selection-du-monde-par-laure-gasparotto-et-ophelie-neiman\\\/\",\"url\":\"https:\\\/\\\/www.paulmas.com\\\/en\\\/presse\\\/vins-du-languedoc-la-selection-du-monde-par-laure-gasparotto-et-ophelie-neiman\\\/\",\"name\":\"Vins du Languedoc : la s\u00e9lection du \u00ab Monde \u00bb par Laure Gasparotto et Oph\u00e9lie Neiman - Les Domaines Paul Mas\",\"isPartOf\":{\"@id\":\"https:\\\/\\\/www.paulmas.com\\\/#website\"},\"primaryImageOfPage\":{\"@id\":\"https:\\\/\\\/www.paulmas.com\\\/en\\\/presse\\\/vins-du-languedoc-la-selection-du-monde-par-laure-gasparotto-et-ophelie-neiman\\\/#primaryimage\"},\"image\":{\"@id\":\"https:\\\/\\\/www.paulmas.com\\\/en\\\/presse\\\/vins-du-languedoc-la-selection-du-monde-par-laure-gasparotto-et-ophelie-neiman\\\/#primaryimage\"},\"thumbnailUrl\":\"https:\\\/\\\/www.paulmas.com\\\/wp-content\\\/uploads\\\/2018\\\/03\\\/lemonde-languedoc.jpg\",\"datePublished\":\"2018-03-26T08:54:12+00:00\",\"dateModified\":\"2021-02-22T11:43:06+00:00\",\"author\":{\"@id\":\"https:\\\/\\\/www.paulmas.com\\\/#\\\/schema\\\/person\\\/0255f01754a6d45e52362f3e20f6e032\"},\"breadcrumb\":{\"@id\":\"https:\\\/\\\/www.paulmas.com\\\/en\\\/presse\\\/vins-du-languedoc-la-selection-du-monde-par-laure-gasparotto-et-ophelie-neiman\\\/#breadcrumb\"},\"inLanguage\":\"en-US\",\"potentialAction\":[{\"@type\":\"ReadAction\",\"target\":[\"https:\\\/\\\/www.paulmas.com\\\/en\\\/presse\\\/vins-du-languedoc-la-selection-du-monde-par-laure-gasparotto-et-ophelie-neiman\\\/\"]}]},{\"@type\":\"ImageObject\",\"inLanguage\":\"en-US\",\"@id\":\"https:\\\/\\\/www.paulmas.com\\\/en\\\/presse\\\/vins-du-languedoc-la-selection-du-monde-par-laure-gasparotto-et-ophelie-neiman\\\/#primaryimage\",\"url\":\"https:\\\/\\\/www.paulmas.com\\\/wp-content\\\/uploads\\\/2018\\\/03\\\/lemonde-languedoc.jpg\",\"contentUrl\":\"https:\\\/\\\/www.paulmas.com\\\/wp-content\\\/uploads\\\/2018\\\/03\\\/lemonde-languedoc.jpg\",\"width\":800,\"height\":1371},{\"@type\":\"BreadcrumbList\",\"@id\":\"https:\\\/\\\/www.paulmas.com\\\/en\\\/presse\\\/vins-du-languedoc-la-selection-du-monde-par-laure-gasparotto-et-ophelie-neiman\\\/#breadcrumb\",\"itemListElement\":[{\"@type\":\"ListItem\",\"position\":1,\"name\":\"Accueil\",\"item\":\"https:\\\/\\\/www.paulmas.com\\\/en\\\/\"},{\"@type\":\"ListItem\",\"position\":2,\"name\":\"Vins du Languedoc : la s\u00e9lection du \u00ab Monde \u00bb par Laure Gasparotto et Oph\u00e9lie Neiman\"}]},{\"@type\":\"WebSite\",\"@id\":\"https:\\\/\\\/www.paulmas.com\\\/#website\",\"url\":\"https:\\\/\\\/www.paulmas.com\\\/\",\"name\":\"Les Domaines Paul Mas\",\"description\":\"Le luxe rural depuis 1892\",\"potentialAction\":[{\"@type\":\"SearchAction\",\"target\":{\"@type\":\"EntryPoint\",\"urlTemplate\":\"https:\\\/\\\/www.paulmas.com\\\/?s={search_term_string}\"},\"query-input\":{\"@type\":\"PropertyValueSpecification\",\"valueRequired\":true,\"valueName\":\"search_term_string\"}}],\"inLanguage\":\"en-US\"},{\"@type\":\"Person\",\"@id\":\"https:\\\/\\\/www.paulmas.com\\\/#\\\/schema\\\/person\\\/0255f01754a6d45e52362f3e20f6e032\",\"name\":\"paul mas\",\"url\":\"https:\\\/\\\/www.paulmas.com\\\/en\\\/author\\\/paul-mas\\\/\"}]}<\/script>\n<!-- \/ Yoast SEO plugin. -->","yoast_head_json":{"title":"Vins du Languedoc : la s\u00e9lection du \u00ab Monde \u00bb par Laure Gasparotto et Oph\u00e9lie Neiman - Les Domaines Paul Mas","robots":{"index":"index","follow":"follow","max-snippet":"max-snippet:-1","max-image-preview":"max-image-preview:large","max-video-preview":"max-video-preview:-1"},"canonical":"https:\/\/www.paulmas.com\/en\/presse\/vins-du-languedoc-la-selection-du-monde-par-laure-gasparotto-et-ophelie-neiman\/","og_locale":"en_US","og_type":"article","og_title":"Vins du Languedoc : la s\u00e9lection du \u00ab Monde \u00bb par Laure Gasparotto et Oph\u00e9lie Neiman - Les Domaines Paul Mas","og_description":"Vins du Languedoc : la s\u00e9lection du \u00ab Monde \u00bb Go\u00fbt\u00e9es \u00e0 l\u2019aveugle et choisies parmi une centaine de bouteilles, trente r\u00e9f\u00e9rences propos\u00e9es par Gasparotto Laure et Oph\u00e9lie Neiman :","og_url":"https:\/\/www.paulmas.com\/en\/presse\/vins-du-languedoc-la-selection-du-monde-par-laure-gasparotto-et-ophelie-neiman\/","og_site_name":"Les Domaines Paul Mas","article_published_time":"2018-03-26T08:54:12+00:00","article_modified_time":"2021-02-22T11:43:06+00:00","og_image":[{"width":800,"height":1371,"url":"https:\/\/www.paulmas.com\/wp-content\/uploads\/2018\/03\/lemonde-languedoc.jpg","type":"image\/jpeg"}],"author":"paul mas","twitter_card":"summary_large_image","twitter_misc":{"Written by":"paul mas","Est. reading time":"1 minute"},"schema":{"@context":"https:\/\/schema.org","@graph":[{"@type":"Article","@id":"https:\/\/www.paulmas.com\/en\/presse\/vins-du-languedoc-la-selection-du-monde-par-laure-gasparotto-et-ophelie-neiman\/#article","isPartOf":{"@id":"https:\/\/www.paulmas.com\/en\/presse\/vins-du-languedoc-la-selection-du-monde-par-laure-gasparotto-et-ophelie-neiman\/"},"author":{"name":"paul mas","@id":"https:\/\/www.paulmas.com\/#\/schema\/person\/0255f01754a6d45e52362f3e20f6e032"},"headline":"Vins du Languedoc : la s\u00e9lection du \u00ab Monde \u00bb par Laure Gasparotto et Oph\u00e9lie Neiman","datePublished":"2018-03-26T08:54:12+00:00","dateModified":"2021-02-22T11:43:06+00:00","mainEntityOfPage":{"@id":"https:\/\/www.paulmas.com\/en\/presse\/vins-du-languedoc-la-selection-du-monde-par-laure-gasparotto-et-ophelie-neiman\/"},"wordCount":153,"image":{"@id":"https:\/\/www.paulmas.com\/en\/presse\/vins-du-languedoc-la-selection-du-monde-par-laure-gasparotto-et-ophelie-neiman\/#primaryimage"},"thumbnailUrl":"https:\/\/www.paulmas.com\/wp-content\/uploads\/2018\/03\/lemonde-languedoc.jpg","articleSection":["Revue de Presse"],"inLanguage":"en-US"},{"@type":"WebPage","@id":"https:\/\/www.paulmas.com\/en\/presse\/vins-du-languedoc-la-selection-du-monde-par-laure-gasparotto-et-ophelie-neiman\/","url":"https:\/\/www.paulmas.com\/en\/presse\/vins-du-languedoc-la-selection-du-monde-par-laure-gasparotto-et-ophelie-neiman\/","name":"Vins du Languedoc : la s\u00e9lection du \u00ab Monde \u00bb par Laure Gasparotto et Oph\u00e9lie Neiman - Les Domaines Paul Mas","isPartOf":{"@id":"https:\/\/www.paulmas.com\/#website"},"primaryImageOfPage":{"@id":"https:\/\/www.paulmas.com\/en\/presse\/vins-du-languedoc-la-selection-du-monde-par-laure-gasparotto-et-ophelie-neiman\/#primaryimage"},"image":{"@id":"https:\/\/www.paulmas.com\/en\/presse\/vins-du-languedoc-la-selection-du-monde-par-laure-gasparotto-et-ophelie-neiman\/#primaryimage"},"thumbnailUrl":"https:\/\/www.paulmas.com\/wp-content\/uploads\/2018\/03\/lemonde-languedoc.jpg","datePublished":"2018-03-26T08:54:12+00:00","dateModified":"2021-02-22T11:43:06+00:00","author":{"@id":"https:\/\/www.paulmas.com\/#\/schema\/person\/0255f01754a6d45e52362f3e20f6e032"},"breadcrumb":{"@id":"https:\/\/www.paulmas.com\/en\/presse\/vins-du-languedoc-la-selection-du-monde-par-laure-gasparotto-et-ophelie-neiman\/#breadcrumb"},"inLanguage":"en-US","potentialAction":[{"@type":"ReadAction","target":["https:\/\/www.paulmas.com\/en\/presse\/vins-du-languedoc-la-selection-du-monde-par-laure-gasparotto-et-ophelie-neiman\/"]}]},{"@type":"ImageObject","inLanguage":"en-US","@id":"https:\/\/www.paulmas.com\/en\/presse\/vins-du-languedoc-la-selection-du-monde-par-laure-gasparotto-et-ophelie-neiman\/#primaryimage","url":"https:\/\/www.paulmas.com\/wp-content\/uploads\/2018\/03\/lemonde-languedoc.jpg","contentUrl":"https:\/\/www.paulmas.com\/wp-content\/uploads\/2018\/03\/lemonde-languedoc.jpg","width":800,"height":1371},{"@type":"BreadcrumbList","@id":"https:\/\/www.paulmas.com\/en\/presse\/vins-du-languedoc-la-selection-du-monde-par-laure-gasparotto-et-ophelie-neiman\/#breadcrumb","itemListElement":[{"@type":"ListItem","position":1,"name":"Accueil","item":"https:\/\/www.paulmas.com\/en\/"},{"@type":"ListItem","position":2,"name":"Vins du Languedoc : la s\u00e9lection du \u00ab Monde \u00bb par Laure Gasparotto et Oph\u00e9lie Neiman"}]},{"@type":"WebSite","@id":"https:\/\/www.paulmas.com\/#website","url":"https:\/\/www.paulmas.com\/","name":"Les Domaines Paul Mas","description":"Le luxe rural depuis 1892","potentialAction":[{"@type":"SearchAction","target":{"@type":"EntryPoint","urlTemplate":"https:\/\/www.paulmas.com\/?s={search_term_string}"},"query-input":{"@type":"PropertyValueSpecification","valueRequired":true,"valueName":"search_term_string"}}],"inLanguage":"en-US"},{"@type":"Person","@id":"https:\/\/www.paulmas.com\/#\/schema\/person\/0255f01754a6d45e52362f3e20f6e032","name":"paul mas","url":"https:\/\/www.paulmas.com\/en\/author\/paul-mas\/"}]}},"_links":{"self":[{"href":"https:\/\/www.paulmas.com\/en\/wp-json\/wp\/v2\/posts\/3426","targetHints":{"allow":["GET"]}}],"collection":[{"href":"https:\/\/www.paulmas.com\/en\/wp-json\/wp\/v2\/posts"}],"about":[{"href":"https:\/\/www.paulmas.com\/en\/wp-json\/wp\/v2\/types\/post"}],"author":[{"embeddable":true,"href":"https:\/\/www.paulmas.com\/en\/wp-json\/wp\/v2\/users\/2"}],"replies":[{"embeddable":true,"href":"https:\/\/www.paulmas.com\/en\/wp-json\/wp\/v2\/comments?post=3426"}],"version-history":[{"count":2,"href":"https:\/\/www.paulmas.com\/en\/wp-json\/wp\/v2\/posts\/3426\/revisions"}],"predecessor-version":[{"id":3430,"href":"https:\/\/www.paulmas.com\/en\/wp-json\/wp\/v2\/posts\/3426\/revisions\/3430"}],"wp:featuredmedia":[{"embeddable":true,"href":"https:\/\/www.paulmas.com\/en\/wp-json\/wp\/v2\/media\/3428"}],"wp:attachment":[{"href":"https:\/\/www.paulmas.com\/en\/wp-json\/wp\/v2\/media?parent=3426"}],"wp:term":[{"taxonomy":"category","embeddable":true,"href":"https:\/\/www.paulmas.com\/en\/wp-json\/wp\/v2\/categories?post=3426"},{"taxonomy":"post_tag","embeddable":true,"href":"https:\/\/www.paulmas.com\/en\/wp-json\/wp\/v2\/tags?post=3426"}],"curies":[{"name":"wp","href":"https:\/\/api.w.org\/{rel}","templated":true}]}}