{"id":3134,"date":"2018-01-25T09:15:48","date_gmt":"2018-01-25T09:15:48","guid":{"rendered":"https:\/\/paulmas.com\/?p=3134"},"modified":"2021-02-22T11:43:32","modified_gmt":"2021-02-22T11:43:32","slug":"salon-business-france-en-slovenie","status":"publish","type":"post","link":"https:\/\/www.paulmas.com\/en\/salon\/salon-business-france-en-slovenie\/","title":{"rendered":"Salon Business France en Slov\u00e9nie"},"content":{"rendered":"<p>Un joli salon des vins professionnels \u00e0\u00a0<span class=\"s1\">Ljubljana en Slov\u00e9nie organis\u00e9 par Business France les\u00a0<\/span>17 et 18 Janvier.<\/p>\n<p>Une excellente occasion pour rencontrer des acteurs locaux tr\u00e8s int\u00e9ress\u00e9s par les vins Fran\u00e7ais et amoureux de la France \u00e0 n&#8217;en pas douter.\u00a0 En photo, Camille notre commercial sur le stand avec Madame l&#8217;<span class=\"s1\">ambassadrice de France en Slov\u00e9nie,\u00a0Marion Paradas.<\/span><\/p>\n<p><img loading=\"lazy\" decoding=\"async\" class=\"alignnone wp-image-3135 \" src=\"https:\/\/www.paulmas.com\/wp-content\/uploads\/2018\/01\/salon-business-france-2-1024x683.jpg\" alt=\"\" width=\"712\" height=\"475\" srcset=\"https:\/\/www.paulmas.com\/wp-content\/uploads\/2018\/01\/salon-business-france-2-1024x683.jpg 1024w, https:\/\/www.paulmas.com\/wp-content\/uploads\/2018\/01\/salon-business-france-2-300x200.jpg 300w, https:\/\/www.paulmas.com\/wp-content\/uploads\/2018\/01\/salon-business-france-2-768x512.jpg 768w, https:\/\/www.paulmas.com\/wp-content\/uploads\/2018\/01\/salon-business-france-2-1080x720.jpg 1080w, https:\/\/www.paulmas.com\/wp-content\/uploads\/2018\/01\/salon-business-france-2.jpg 1296w\" sizes=\"(max-width: 712px) 100vw, 712px\" \/><\/p>\n<p>&nbsp;<\/p>\n<p class=\"p1\">\n","protected":false},"excerpt":{"rendered":"<p>Un joli salon des vins professionnels \u00e0\u00a0Ljubljana en Slov\u00e9nie organis\u00e9 par Business France les\u00a017 et 18 Janvier. Une excellente occasion pour rencontrer des acteurs locaux tr\u00e8s int\u00e9ress\u00e9s par les vins Fran\u00e7ais et amoureux de la France \u00e0 n&#8217;en pas douter.\u00a0 En photo, Camille notre commercial sur le stand avec Madame l&#8217;ambassadrice de France en Slov\u00e9nie,\u00a0Marion [&hellip;]<\/p>\n","protected":false},"author":2,"featured_media":3136,"comment_status":"closed","ping_status":"open","sticky":false,"template":"","format":"standard","meta":{"_et_pb_use_builder":"","_et_pb_old_content":"","_et_gb_content_width":"","footnotes":""},"categories":[6,5],"tags":[],"class_list":["post-3134","post","type-post","status-publish","format-standard","has-post-thumbnail","hentry","category-actualite","category-salon"],"yoast_head":"<!-- This site is optimized with the Yoast SEO plugin v27.4 - https:\/\/yoast.com\/product\/yoast-seo-wordpress\/ -->\n<title>Salon Business France en Slov\u00e9nie - Les Domaines Paul Mas<\/title>\n<meta name=\"robots\" content=\"index, follow, max-snippet:-1, max-image-preview:large, max-video-preview:-1\" \/>\n<link rel=\"canonical\" href=\"https:\/\/www.paulmas.com\/en\/salon\/salon-business-france-en-slovenie\/\" \/>\n<meta property=\"og:locale\" content=\"en_US\" \/>\n<meta property=\"og:type\" content=\"article\" \/>\n<meta property=\"og:title\" content=\"Salon Business France en Slov\u00e9nie - Les Domaines Paul Mas\" \/>\n<meta property=\"og:description\" content=\"Un joli salon des vins professionnels \u00e0\u00a0Ljubljana en Slov\u00e9nie organis\u00e9 par Business France les\u00a017 et 18 Janvier. Une excellente occasion pour rencontrer des acteurs locaux tr\u00e8s int\u00e9ress\u00e9s par les vins Fran\u00e7ais et amoureux de la France \u00e0 n&#8217;en pas douter.\u00a0 En photo, Camille notre commercial sur le stand avec Madame l&#8217;ambassadrice de France en Slov\u00e9nie,\u00a0Marion [&hellip;]\" \/>\n<meta property=\"og:url\" content=\"https:\/\/www.paulmas.com\/en\/salon\/salon-business-france-en-slovenie\/\" \/>\n<meta property=\"og:site_name\" content=\"Les Domaines Paul Mas\" \/>\n<meta property=\"article:published_time\" content=\"2018-01-25T09:15:48+00:00\" \/>\n<meta property=\"article:modified_time\" content=\"2021-02-22T11:43:32+00:00\" \/>\n<meta property=\"og:image\" content=\"https:\/\/www.paulmas.com\/wp-content\/uploads\/2018\/01\/salon-business-france.jpg\" \/>\n\t<meta property=\"og:image:width\" content=\"1296\" \/>\n\t<meta property=\"og:image:height\" content=\"864\" \/>\n\t<meta property=\"og:image:type\" content=\"image\/jpeg\" \/>\n<meta name=\"author\" content=\"paul mas\" \/>\n<meta name=\"twitter:card\" content=\"summary_large_image\" \/>\n<meta name=\"twitter:label1\" content=\"Written by\" \/>\n\t<meta name=\"twitter:data1\" content=\"paul mas\" \/>\n<script type=\"application\/ld+json\" class=\"yoast-schema-graph\">{\"@context\":\"https:\\\/\\\/schema.org\",\"@graph\":[{\"@type\":\"Article\",\"@id\":\"https:\\\/\\\/www.paulmas.com\\\/en\\\/salon\\\/salon-business-france-en-slovenie\\\/#article\",\"isPartOf\":{\"@id\":\"https:\\\/\\\/www.paulmas.com\\\/en\\\/salon\\\/salon-business-france-en-slovenie\\\/\"},\"author\":{\"name\":\"paul mas\",\"@id\":\"https:\\\/\\\/www.paulmas.com\\\/#\\\/schema\\\/person\\\/0255f01754a6d45e52362f3e20f6e032\"},\"headline\":\"Salon Business France en Slov\u00e9nie\",\"datePublished\":\"2018-01-25T09:15:48+00:00\",\"dateModified\":\"2021-02-22T11:43:32+00:00\",\"mainEntityOfPage\":{\"@id\":\"https:\\\/\\\/www.paulmas.com\\\/en\\\/salon\\\/salon-business-france-en-slovenie\\\/\"},\"wordCount\":70,\"image\":{\"@id\":\"https:\\\/\\\/www.paulmas.com\\\/en\\\/salon\\\/salon-business-france-en-slovenie\\\/#primaryimage\"},\"thumbnailUrl\":\"https:\\\/\\\/www.paulmas.com\\\/wp-content\\\/uploads\\\/2018\\\/01\\\/salon-business-france.jpg\",\"articleSection\":[\"Actualit\u00e9\",\"Salon\"],\"inLanguage\":\"en-US\"},{\"@type\":\"WebPage\",\"@id\":\"https:\\\/\\\/www.paulmas.com\\\/en\\\/salon\\\/salon-business-france-en-slovenie\\\/\",\"url\":\"https:\\\/\\\/www.paulmas.com\\\/en\\\/salon\\\/salon-business-france-en-slovenie\\\/\",\"name\":\"Salon Business France en Slov\u00e9nie - Les Domaines Paul Mas\",\"isPartOf\":{\"@id\":\"https:\\\/\\\/www.paulmas.com\\\/#website\"},\"primaryImageOfPage\":{\"@id\":\"https:\\\/\\\/www.paulmas.com\\\/en\\\/salon\\\/salon-business-france-en-slovenie\\\/#primaryimage\"},\"image\":{\"@id\":\"https:\\\/\\\/www.paulmas.com\\\/en\\\/salon\\\/salon-business-france-en-slovenie\\\/#primaryimage\"},\"thumbnailUrl\":\"https:\\\/\\\/www.paulmas.com\\\/wp-content\\\/uploads\\\/2018\\\/01\\\/salon-business-france.jpg\",\"datePublished\":\"2018-01-25T09:15:48+00:00\",\"dateModified\":\"2021-02-22T11:43:32+00:00\",\"author\":{\"@id\":\"https:\\\/\\\/www.paulmas.com\\\/#\\\/schema\\\/person\\\/0255f01754a6d45e52362f3e20f6e032\"},\"breadcrumb\":{\"@id\":\"https:\\\/\\\/www.paulmas.com\\\/en\\\/salon\\\/salon-business-france-en-slovenie\\\/#breadcrumb\"},\"inLanguage\":\"en-US\",\"potentialAction\":[{\"@type\":\"ReadAction\",\"target\":[\"https:\\\/\\\/www.paulmas.com\\\/en\\\/salon\\\/salon-business-france-en-slovenie\\\/\"]}]},{\"@type\":\"ImageObject\",\"inLanguage\":\"en-US\",\"@id\":\"https:\\\/\\\/www.paulmas.com\\\/en\\\/salon\\\/salon-business-france-en-slovenie\\\/#primaryimage\",\"url\":\"https:\\\/\\\/www.paulmas.com\\\/wp-content\\\/uploads\\\/2018\\\/01\\\/salon-business-france.jpg\",\"contentUrl\":\"https:\\\/\\\/www.paulmas.com\\\/wp-content\\\/uploads\\\/2018\\\/01\\\/salon-business-france.jpg\",\"width\":1296,\"height\":864},{\"@type\":\"BreadcrumbList\",\"@id\":\"https:\\\/\\\/www.paulmas.com\\\/en\\\/salon\\\/salon-business-france-en-slovenie\\\/#breadcrumb\",\"itemListElement\":[{\"@type\":\"ListItem\",\"position\":1,\"name\":\"Accueil\",\"item\":\"https:\\\/\\\/www.paulmas.com\\\/en\\\/\"},{\"@type\":\"ListItem\",\"position\":2,\"name\":\"Salon Business France en Slov\u00e9nie\"}]},{\"@type\":\"WebSite\",\"@id\":\"https:\\\/\\\/www.paulmas.com\\\/#website\",\"url\":\"https:\\\/\\\/www.paulmas.com\\\/\",\"name\":\"Les Domaines Paul Mas\",\"description\":\"Le luxe rural depuis 1892\",\"potentialAction\":[{\"@type\":\"SearchAction\",\"target\":{\"@type\":\"EntryPoint\",\"urlTemplate\":\"https:\\\/\\\/www.paulmas.com\\\/?s={search_term_string}\"},\"query-input\":{\"@type\":\"PropertyValueSpecification\",\"valueRequired\":true,\"valueName\":\"search_term_string\"}}],\"inLanguage\":\"en-US\"},{\"@type\":\"Person\",\"@id\":\"https:\\\/\\\/www.paulmas.com\\\/#\\\/schema\\\/person\\\/0255f01754a6d45e52362f3e20f6e032\",\"name\":\"paul mas\",\"url\":\"https:\\\/\\\/www.paulmas.com\\\/en\\\/author\\\/paul-mas\\\/\"}]}<\/script>\n<!-- \/ Yoast SEO plugin. -->","yoast_head_json":{"title":"Salon Business France en Slov\u00e9nie - Les Domaines Paul Mas","robots":{"index":"index","follow":"follow","max-snippet":"max-snippet:-1","max-image-preview":"max-image-preview:large","max-video-preview":"max-video-preview:-1"},"canonical":"https:\/\/www.paulmas.com\/en\/salon\/salon-business-france-en-slovenie\/","og_locale":"en_US","og_type":"article","og_title":"Salon Business France en Slov\u00e9nie - Les Domaines Paul Mas","og_description":"Un joli salon des vins professionnels \u00e0\u00a0Ljubljana en Slov\u00e9nie organis\u00e9 par Business France les\u00a017 et 18 Janvier. Une excellente occasion pour rencontrer des acteurs locaux tr\u00e8s int\u00e9ress\u00e9s par les vins Fran\u00e7ais et amoureux de la France \u00e0 n&#8217;en pas douter.\u00a0 En photo, Camille notre commercial sur le stand avec Madame l&#8217;ambassadrice de France en Slov\u00e9nie,\u00a0Marion [&hellip;]","og_url":"https:\/\/www.paulmas.com\/en\/salon\/salon-business-france-en-slovenie\/","og_site_name":"Les Domaines Paul Mas","article_published_time":"2018-01-25T09:15:48+00:00","article_modified_time":"2021-02-22T11:43:32+00:00","og_image":[{"width":1296,"height":864,"url":"https:\/\/www.paulmas.com\/wp-content\/uploads\/2018\/01\/salon-business-france.jpg","type":"image\/jpeg"}],"author":"paul mas","twitter_card":"summary_large_image","twitter_misc":{"Written by":"paul mas"},"schema":{"@context":"https:\/\/schema.org","@graph":[{"@type":"Article","@id":"https:\/\/www.paulmas.com\/en\/salon\/salon-business-france-en-slovenie\/#article","isPartOf":{"@id":"https:\/\/www.paulmas.com\/en\/salon\/salon-business-france-en-slovenie\/"},"author":{"name":"paul mas","@id":"https:\/\/www.paulmas.com\/#\/schema\/person\/0255f01754a6d45e52362f3e20f6e032"},"headline":"Salon Business France en Slov\u00e9nie","datePublished":"2018-01-25T09:15:48+00:00","dateModified":"2021-02-22T11:43:32+00:00","mainEntityOfPage":{"@id":"https:\/\/www.paulmas.com\/en\/salon\/salon-business-france-en-slovenie\/"},"wordCount":70,"image":{"@id":"https:\/\/www.paulmas.com\/en\/salon\/salon-business-france-en-slovenie\/#primaryimage"},"thumbnailUrl":"https:\/\/www.paulmas.com\/wp-content\/uploads\/2018\/01\/salon-business-france.jpg","articleSection":["Actualit\u00e9","Salon"],"inLanguage":"en-US"},{"@type":"WebPage","@id":"https:\/\/www.paulmas.com\/en\/salon\/salon-business-france-en-slovenie\/","url":"https:\/\/www.paulmas.com\/en\/salon\/salon-business-france-en-slovenie\/","name":"Salon Business France en Slov\u00e9nie - Les Domaines Paul Mas","isPartOf":{"@id":"https:\/\/www.paulmas.com\/#website"},"primaryImageOfPage":{"@id":"https:\/\/www.paulmas.com\/en\/salon\/salon-business-france-en-slovenie\/#primaryimage"},"image":{"@id":"https:\/\/www.paulmas.com\/en\/salon\/salon-business-france-en-slovenie\/#primaryimage"},"thumbnailUrl":"https:\/\/www.paulmas.com\/wp-content\/uploads\/2018\/01\/salon-business-france.jpg","datePublished":"2018-01-25T09:15:48+00:00","dateModified":"2021-02-22T11:43:32+00:00","author":{"@id":"https:\/\/www.paulmas.com\/#\/schema\/person\/0255f01754a6d45e52362f3e20f6e032"},"breadcrumb":{"@id":"https:\/\/www.paulmas.com\/en\/salon\/salon-business-france-en-slovenie\/#breadcrumb"},"inLanguage":"en-US","potentialAction":[{"@type":"ReadAction","target":["https:\/\/www.paulmas.com\/en\/salon\/salon-business-france-en-slovenie\/"]}]},{"@type":"ImageObject","inLanguage":"en-US","@id":"https:\/\/www.paulmas.com\/en\/salon\/salon-business-france-en-slovenie\/#primaryimage","url":"https:\/\/www.paulmas.com\/wp-content\/uploads\/2018\/01\/salon-business-france.jpg","contentUrl":"https:\/\/www.paulmas.com\/wp-content\/uploads\/2018\/01\/salon-business-france.jpg","width":1296,"height":864},{"@type":"BreadcrumbList","@id":"https:\/\/www.paulmas.com\/en\/salon\/salon-business-france-en-slovenie\/#breadcrumb","itemListElement":[{"@type":"ListItem","position":1,"name":"Accueil","item":"https:\/\/www.paulmas.com\/en\/"},{"@type":"ListItem","position":2,"name":"Salon Business France en Slov\u00e9nie"}]},{"@type":"WebSite","@id":"https:\/\/www.paulmas.com\/#website","url":"https:\/\/www.paulmas.com\/","name":"Les Domaines Paul Mas","description":"Le luxe rural depuis 1892","potentialAction":[{"@type":"SearchAction","target":{"@type":"EntryPoint","urlTemplate":"https:\/\/www.paulmas.com\/?s={search_term_string}"},"query-input":{"@type":"PropertyValueSpecification","valueRequired":true,"valueName":"search_term_string"}}],"inLanguage":"en-US"},{"@type":"Person","@id":"https:\/\/www.paulmas.com\/#\/schema\/person\/0255f01754a6d45e52362f3e20f6e032","name":"paul mas","url":"https:\/\/www.paulmas.com\/en\/author\/paul-mas\/"}]}},"_links":{"self":[{"href":"https:\/\/www.paulmas.com\/en\/wp-json\/wp\/v2\/posts\/3134","targetHints":{"allow":["GET"]}}],"collection":[{"href":"https:\/\/www.paulmas.com\/en\/wp-json\/wp\/v2\/posts"}],"about":[{"href":"https:\/\/www.paulmas.com\/en\/wp-json\/wp\/v2\/types\/post"}],"author":[{"embeddable":true,"href":"https:\/\/www.paulmas.com\/en\/wp-json\/wp\/v2\/users\/2"}],"replies":[{"embeddable":true,"href":"https:\/\/www.paulmas.com\/en\/wp-json\/wp\/v2\/comments?post=3134"}],"version-history":[{"count":1,"href":"https:\/\/www.paulmas.com\/en\/wp-json\/wp\/v2\/posts\/3134\/revisions"}],"predecessor-version":[{"id":3137,"href":"https:\/\/www.paulmas.com\/en\/wp-json\/wp\/v2\/posts\/3134\/revisions\/3137"}],"wp:featuredmedia":[{"embeddable":true,"href":"https:\/\/www.paulmas.com\/en\/wp-json\/wp\/v2\/media\/3136"}],"wp:attachment":[{"href":"https:\/\/www.paulmas.com\/en\/wp-json\/wp\/v2\/media?parent=3134"}],"wp:term":[{"taxonomy":"category","embeddable":true,"href":"https:\/\/www.paulmas.com\/en\/wp-json\/wp\/v2\/categories?post=3134"},{"taxonomy":"post_tag","embeddable":true,"href":"https:\/\/www.paulmas.com\/en\/wp-json\/wp\/v2\/tags?post=3134"}],"curies":[{"name":"wp","href":"https:\/\/api.w.org\/{rel}","templated":true}]}}