{"id":2878,"date":"2017-09-11T07:50:24","date_gmt":"2017-09-11T07:50:24","guid":{"rendered":"https:\/\/paulmas.com\/?p=2878\/"},"modified":"2017-09-11T07:54:18","modified_gmt":"2017-09-11T07:54:18","slug":"vinus-a-la-une-du-magazine-terre-de-vins-avec-francois-xavier-demaison","status":"publish","type":"post","link":"https:\/\/www.paulmas.com\/en\/presse\/vinus-a-la-une-du-magazine-terre-de-vins-avec-francois-xavier-demaison\/","title":{"rendered":"Vinus \u00e0 la Une du Magazine Terre de Vins avec Fran\u00e7ois-Xavier Demaison"},"content":{"rendered":"<p>A la vigne et dans nos caves, c&#8217;est la saison cruciale des vendanges. Et pour vous tous, la rentr\u00e9e et l&#8217;arriv\u00e9e des Foires aux Vins.<\/p>\n<p><strong>Le magazine Terre de Vins<\/strong> fait sa couverture avec l&#8217;acteur <strong>Fran\u00e7ois-Xavier Demaison<\/strong>, grand amateur de vins et de plaisir, curieux de tout, qui pose fi\u00e8rement, avec dans son panier une bouteille de notre cuv\u00e9e <strong>Vinus en IGP Pays d&#8217;Oc<\/strong>.<!--more--><\/p>\n<p><img loading=\"lazy\" decoding=\"async\" class=\"alignleft size-medium wp-image-2881\" src=\"https:\/\/www.paulmas.com\/wp-content\/uploads\/2017\/09\/terredevins-foire-aux-vins-2017-232x300.jpg\" alt=\"foire aux vins terre de vins\" width=\"232\" height=\"300\" srcset=\"https:\/\/www.paulmas.com\/wp-content\/uploads\/2017\/09\/terredevins-foire-aux-vins-2017-232x300.jpg 232w, https:\/\/www.paulmas.com\/wp-content\/uploads\/2017\/09\/terredevins-foire-aux-vins-2017-768x991.jpg 768w, https:\/\/www.paulmas.com\/wp-content\/uploads\/2017\/09\/terredevins-foire-aux-vins-2017-793x1024.jpg 793w, https:\/\/www.paulmas.com\/wp-content\/uploads\/2017\/09\/terredevins-foire-aux-vins-2017-400x516.jpg 400w, https:\/\/www.paulmas.com\/wp-content\/uploads\/2017\/09\/terredevins-foire-aux-vins-2017.jpg 1000w\" sizes=\"(max-width: 232px) 100vw, 232px\" \/>Dans l&#8217;article consacr\u00e9 aux Foires aux Vins, vous retrouverez plusieurs de nos cuv\u00e9es remarqu\u00e9es par la r\u00e9daction du magazine dans diff\u00e9rentes s\u00e9lections des enseignes :<\/p>\n<h2>E. Leclerc<\/h2>\n<p><strong>Vinus &#8211; Chardonnay Bio &#8211; 3,60 \u20ac &#8211; IGP Pays d&#8217;Oc 2016<\/strong><br \/>\n&#8220;Un chardonnay tr\u00e8s callibr\u00e9 international, fruit\u00e9, rond, pour des moments de d\u00e9tente &#8220;afterwork&#8221; M\u00e9lange sucr\u00e9-sal\u00e9 de fruits confits et \u00e0 coque.&#8221; Egalement cit\u00e9 page 83 dans la liste des &#8220;immanquables en un coup d&#8217;oeil&#8221;.<\/p>\n<h2>Lidl<\/h2>\n<p><strong>Domaine Sil\u00e8ne &#8211; 7,79 \u20ac &#8211; Gr\u00e8s de Montpellier 2016<br \/>\n<\/strong>&#8220;Un vin bien sous tous rapports : un nez o\u00f9 se m\u00ealent fleurs et fruits rouges, une bouche tr\u00e8s souple et enfin une finale \u00e9pic\u00e9e et longue.&#8221;<\/p>\n<h2>Nicolas<\/h2>\n<p><strong>Ch\u00e2teau Cr\u00e8s Ricards &#8211; St\u00e9cia &#8211; Terrasses du Larzac &#8211; 2016 &#8211; 9,30 \u20ac<\/strong><br \/>\n&#8220;Un domaine rachet\u00e9 par Jean-Claude Mas dans une jeune appellation prometteuse. De la puissance \u00e9pic\u00e9e dans un gant de velours.&#8221;<\/p>\n<p><img loading=\"lazy\" decoding=\"async\" class=\"alignnone size-large wp-image-2879\" src=\"https:\/\/www.paulmas.com\/wp-content\/uploads\/2017\/09\/intro-article-fav-terre-de-vins-820x1024.jpg\" alt=\"\" width=\"820\" height=\"1024\" srcset=\"https:\/\/www.paulmas.com\/wp-content\/uploads\/2017\/09\/intro-article-fav-terre-de-vins-820x1024.jpg 820w, https:\/\/www.paulmas.com\/wp-content\/uploads\/2017\/09\/intro-article-fav-terre-de-vins-240x300.jpg 240w, https:\/\/www.paulmas.com\/wp-content\/uploads\/2017\/09\/intro-article-fav-terre-de-vins-768x959.jpg 768w, https:\/\/www.paulmas.com\/wp-content\/uploads\/2017\/09\/intro-article-fav-terre-de-vins-1080x1349.jpg 1080w, https:\/\/www.paulmas.com\/wp-content\/uploads\/2017\/09\/intro-article-fav-terre-de-vins.jpg 1200w\" sizes=\"(max-width: 820px) 100vw, 820px\" \/><\/p>\n<p>Les dates des Foires aux Vins :<\/p>\n<p><img loading=\"lazy\" decoding=\"async\" class=\"alignnone size-full wp-image-2880\" src=\"https:\/\/www.paulmas.com\/wp-content\/uploads\/2017\/09\/tableau-date-foire-aux-vins.jpg\" alt=\"\" width=\"1000\" height=\"924\" srcset=\"https:\/\/www.paulmas.com\/wp-content\/uploads\/2017\/09\/tableau-date-foire-aux-vins.jpg 1000w, https:\/\/www.paulmas.com\/wp-content\/uploads\/2017\/09\/tableau-date-foire-aux-vins-300x277.jpg 300w, https:\/\/www.paulmas.com\/wp-content\/uploads\/2017\/09\/tableau-date-foire-aux-vins-768x710.jpg 768w\" sizes=\"(max-width: 1000px) 100vw, 1000px\" \/><\/p>\n","protected":false},"excerpt":{"rendered":"<p>A la vigne et dans nos caves, c&#8217;est la saison cruciale des vendanges. Et pour vous tous, la rentr\u00e9e et l&#8217;arriv\u00e9e des Foires aux Vins.<\/p>\n<p>Le magazine Terre de Vins fait sa couverture avec l&#8217;acteur Fran\u00e7ois-Xavier Demaison, grand amateur de vins et de plaisir, curieux de tout, qui pose fi\u00e8rement, avec dans son panier une bouteille de notre cuv\u00e9e Vinus en IGP Pays d&#8217;Oc.<\/p>\n","protected":false},"author":2,"featured_media":2881,"comment_status":"closed","ping_status":"open","sticky":false,"template":"","format":"standard","meta":{"_et_pb_use_builder":"","_et_pb_old_content":"","_et_gb_content_width":"","footnotes":""},"categories":[3],"tags":[],"class_list":["post-2878","post","type-post","status-publish","format-standard","has-post-thumbnail","hentry","category-presse"],"yoast_head":"<!-- This site is optimized with the Yoast SEO plugin v27.4 - https:\/\/yoast.com\/product\/yoast-seo-wordpress\/ -->\n<title>Vinus \u00e0 la Une du Magazine Terre de Vins avec Fran\u00e7ois-Xavier Demaison - Les Domaines Paul Mas<\/title>\n<meta name=\"robots\" content=\"index, follow, max-snippet:-1, max-image-preview:large, max-video-preview:-1\" \/>\n<link rel=\"canonical\" href=\"https:\/\/www.paulmas.com\/presse\/vinus-a-la-une-du-magazine-terre-de-vins-avec-francois-xavier-demaison\/\" \/>\n<meta property=\"og:locale\" content=\"en_US\" \/>\n<meta property=\"og:type\" content=\"article\" \/>\n<meta property=\"og:title\" content=\"Vinus \u00e0 la Une du Magazine Terre de Vins avec Fran\u00e7ois-Xavier Demaison - Les Domaines Paul Mas\" \/>\n<meta property=\"og:description\" content=\"A la vigne et dans nos caves, c&#039;est la saison cruciale des vendanges. Et pour vous tous, la rentr\u00e9e et l&#039;arriv\u00e9e des Foires aux Vins.  Le magazine Terre de Vins fait sa couverture avec l&#039;acteur Fran\u00e7ois-Xavier Demaison, grand amateur de vins et de plaisir, curieux de tout, qui pose fi\u00e8rement, avec dans son panier une bouteille de notre cuv\u00e9e Vinus en IGP Pays d&#039;Oc.\" \/>\n<meta property=\"og:url\" content=\"https:\/\/www.paulmas.com\/presse\/vinus-a-la-une-du-magazine-terre-de-vins-avec-francois-xavier-demaison\/\" \/>\n<meta property=\"og:site_name\" content=\"Les Domaines Paul Mas\" \/>\n<meta property=\"article:published_time\" content=\"2017-09-11T07:50:24+00:00\" \/>\n<meta property=\"article:modified_time\" content=\"2017-09-11T07:54:18+00:00\" \/>\n<meta property=\"og:image\" content=\"https:\/\/www.paulmas.com\/wp-content\/uploads\/2017\/09\/terredevins-foire-aux-vins-2017.jpg\" \/>\n\t<meta property=\"og:image:width\" content=\"1000\" \/>\n\t<meta property=\"og:image:height\" content=\"1291\" \/>\n\t<meta property=\"og:image:type\" content=\"image\/jpeg\" \/>\n<meta name=\"author\" content=\"paul mas\" \/>\n<meta name=\"twitter:card\" content=\"summary_large_image\" \/>\n<meta name=\"twitter:label1\" content=\"Written by\" \/>\n\t<meta name=\"twitter:data1\" content=\"paul mas\" \/>\n\t<meta name=\"twitter:label2\" content=\"Est. reading time\" \/>\n\t<meta name=\"twitter:data2\" content=\"1 minute\" \/>\n<script type=\"application\/ld+json\" class=\"yoast-schema-graph\">{\"@context\":\"https:\\\/\\\/schema.org\",\"@graph\":[{\"@type\":\"Article\",\"@id\":\"https:\\\/\\\/www.paulmas.com\\\/presse\\\/vinus-a-la-une-du-magazine-terre-de-vins-avec-francois-xavier-demaison\\\/#article\",\"isPartOf\":{\"@id\":\"https:\\\/\\\/www.paulmas.com\\\/presse\\\/vinus-a-la-une-du-magazine-terre-de-vins-avec-francois-xavier-demaison\\\/\"},\"author\":{\"name\":\"paul mas\",\"@id\":\"https:\\\/\\\/www.paulmas.com\\\/#\\\/schema\\\/person\\\/0255f01754a6d45e52362f3e20f6e032\"},\"headline\":\"Vinus \u00e0 la Une du Magazine Terre de Vins avec Fran\u00e7ois-Xavier Demaison\",\"datePublished\":\"2017-09-11T07:50:24+00:00\",\"dateModified\":\"2017-09-11T07:54:18+00:00\",\"mainEntityOfPage\":{\"@id\":\"https:\\\/\\\/www.paulmas.com\\\/presse\\\/vinus-a-la-une-du-magazine-terre-de-vins-avec-francois-xavier-demaison\\\/\"},\"wordCount\":245,\"image\":{\"@id\":\"https:\\\/\\\/www.paulmas.com\\\/presse\\\/vinus-a-la-une-du-magazine-terre-de-vins-avec-francois-xavier-demaison\\\/#primaryimage\"},\"thumbnailUrl\":\"https:\\\/\\\/www.paulmas.com\\\/wp-content\\\/uploads\\\/2017\\\/09\\\/terredevins-foire-aux-vins-2017.jpg\",\"articleSection\":[\"Revue de Presse\"],\"inLanguage\":\"en-US\"},{\"@type\":\"WebPage\",\"@id\":\"https:\\\/\\\/www.paulmas.com\\\/presse\\\/vinus-a-la-une-du-magazine-terre-de-vins-avec-francois-xavier-demaison\\\/\",\"url\":\"https:\\\/\\\/www.paulmas.com\\\/presse\\\/vinus-a-la-une-du-magazine-terre-de-vins-avec-francois-xavier-demaison\\\/\",\"name\":\"Vinus \u00e0 la Une du Magazine Terre de Vins avec Fran\u00e7ois-Xavier Demaison - Les Domaines Paul Mas\",\"isPartOf\":{\"@id\":\"https:\\\/\\\/www.paulmas.com\\\/#website\"},\"primaryImageOfPage\":{\"@id\":\"https:\\\/\\\/www.paulmas.com\\\/presse\\\/vinus-a-la-une-du-magazine-terre-de-vins-avec-francois-xavier-demaison\\\/#primaryimage\"},\"image\":{\"@id\":\"https:\\\/\\\/www.paulmas.com\\\/presse\\\/vinus-a-la-une-du-magazine-terre-de-vins-avec-francois-xavier-demaison\\\/#primaryimage\"},\"thumbnailUrl\":\"https:\\\/\\\/www.paulmas.com\\\/wp-content\\\/uploads\\\/2017\\\/09\\\/terredevins-foire-aux-vins-2017.jpg\",\"datePublished\":\"2017-09-11T07:50:24+00:00\",\"dateModified\":\"2017-09-11T07:54:18+00:00\",\"author\":{\"@id\":\"https:\\\/\\\/www.paulmas.com\\\/#\\\/schema\\\/person\\\/0255f01754a6d45e52362f3e20f6e032\"},\"breadcrumb\":{\"@id\":\"https:\\\/\\\/www.paulmas.com\\\/presse\\\/vinus-a-la-une-du-magazine-terre-de-vins-avec-francois-xavier-demaison\\\/#breadcrumb\"},\"inLanguage\":\"en-US\",\"potentialAction\":[{\"@type\":\"ReadAction\",\"target\":[\"https:\\\/\\\/www.paulmas.com\\\/presse\\\/vinus-a-la-une-du-magazine-terre-de-vins-avec-francois-xavier-demaison\\\/\"]}]},{\"@type\":\"ImageObject\",\"inLanguage\":\"en-US\",\"@id\":\"https:\\\/\\\/www.paulmas.com\\\/presse\\\/vinus-a-la-une-du-magazine-terre-de-vins-avec-francois-xavier-demaison\\\/#primaryimage\",\"url\":\"https:\\\/\\\/www.paulmas.com\\\/wp-content\\\/uploads\\\/2017\\\/09\\\/terredevins-foire-aux-vins-2017.jpg\",\"contentUrl\":\"https:\\\/\\\/www.paulmas.com\\\/wp-content\\\/uploads\\\/2017\\\/09\\\/terredevins-foire-aux-vins-2017.jpg\",\"width\":1000,\"height\":1291,\"caption\":\"foire aux vins terre de vins\"},{\"@type\":\"BreadcrumbList\",\"@id\":\"https:\\\/\\\/www.paulmas.com\\\/presse\\\/vinus-a-la-une-du-magazine-terre-de-vins-avec-francois-xavier-demaison\\\/#breadcrumb\",\"itemListElement\":[{\"@type\":\"ListItem\",\"position\":1,\"name\":\"Accueil\",\"item\":\"https:\\\/\\\/www.paulmas.com\\\/en\\\/\"},{\"@type\":\"ListItem\",\"position\":2,\"name\":\"Vinus \u00e0 la Une du Magazine Terre de Vins avec Fran\u00e7ois-Xavier Demaison\"}]},{\"@type\":\"WebSite\",\"@id\":\"https:\\\/\\\/www.paulmas.com\\\/#website\",\"url\":\"https:\\\/\\\/www.paulmas.com\\\/\",\"name\":\"Les Domaines Paul Mas\",\"description\":\"Le luxe rural depuis 1892\",\"potentialAction\":[{\"@type\":\"SearchAction\",\"target\":{\"@type\":\"EntryPoint\",\"urlTemplate\":\"https:\\\/\\\/www.paulmas.com\\\/?s={search_term_string}\"},\"query-input\":{\"@type\":\"PropertyValueSpecification\",\"valueRequired\":true,\"valueName\":\"search_term_string\"}}],\"inLanguage\":\"en-US\"},{\"@type\":\"Person\",\"@id\":\"https:\\\/\\\/www.paulmas.com\\\/#\\\/schema\\\/person\\\/0255f01754a6d45e52362f3e20f6e032\",\"name\":\"paul mas\",\"url\":\"https:\\\/\\\/www.paulmas.com\\\/en\\\/author\\\/paul-mas\\\/\"}]}<\/script>\n<!-- \/ Yoast SEO plugin. -->","yoast_head_json":{"title":"Vinus \u00e0 la Une du Magazine Terre de Vins avec Fran\u00e7ois-Xavier Demaison - Les Domaines Paul Mas","robots":{"index":"index","follow":"follow","max-snippet":"max-snippet:-1","max-image-preview":"max-image-preview:large","max-video-preview":"max-video-preview:-1"},"canonical":"https:\/\/www.paulmas.com\/presse\/vinus-a-la-une-du-magazine-terre-de-vins-avec-francois-xavier-demaison\/","og_locale":"en_US","og_type":"article","og_title":"Vinus \u00e0 la Une du Magazine Terre de Vins avec Fran\u00e7ois-Xavier Demaison - Les Domaines Paul Mas","og_description":"A la vigne et dans nos caves, c'est la saison cruciale des vendanges. Et pour vous tous, la rentr\u00e9e et l'arriv\u00e9e des Foires aux Vins.  Le magazine Terre de Vins fait sa couverture avec l'acteur Fran\u00e7ois-Xavier Demaison, grand amateur de vins et de plaisir, curieux de tout, qui pose fi\u00e8rement, avec dans son panier une bouteille de notre cuv\u00e9e Vinus en IGP Pays d'Oc.","og_url":"https:\/\/www.paulmas.com\/presse\/vinus-a-la-une-du-magazine-terre-de-vins-avec-francois-xavier-demaison\/","og_site_name":"Les Domaines Paul Mas","article_published_time":"2017-09-11T07:50:24+00:00","article_modified_time":"2017-09-11T07:54:18+00:00","og_image":[{"width":1000,"height":1291,"url":"https:\/\/www.paulmas.com\/wp-content\/uploads\/2017\/09\/terredevins-foire-aux-vins-2017.jpg","type":"image\/jpeg"}],"author":"paul mas","twitter_card":"summary_large_image","twitter_misc":{"Written by":"paul mas","Est. reading time":"1 minute"},"schema":{"@context":"https:\/\/schema.org","@graph":[{"@type":"Article","@id":"https:\/\/www.paulmas.com\/presse\/vinus-a-la-une-du-magazine-terre-de-vins-avec-francois-xavier-demaison\/#article","isPartOf":{"@id":"https:\/\/www.paulmas.com\/presse\/vinus-a-la-une-du-magazine-terre-de-vins-avec-francois-xavier-demaison\/"},"author":{"name":"paul mas","@id":"https:\/\/www.paulmas.com\/#\/schema\/person\/0255f01754a6d45e52362f3e20f6e032"},"headline":"Vinus \u00e0 la Une du Magazine Terre de Vins avec Fran\u00e7ois-Xavier Demaison","datePublished":"2017-09-11T07:50:24+00:00","dateModified":"2017-09-11T07:54:18+00:00","mainEntityOfPage":{"@id":"https:\/\/www.paulmas.com\/presse\/vinus-a-la-une-du-magazine-terre-de-vins-avec-francois-xavier-demaison\/"},"wordCount":245,"image":{"@id":"https:\/\/www.paulmas.com\/presse\/vinus-a-la-une-du-magazine-terre-de-vins-avec-francois-xavier-demaison\/#primaryimage"},"thumbnailUrl":"https:\/\/www.paulmas.com\/wp-content\/uploads\/2017\/09\/terredevins-foire-aux-vins-2017.jpg","articleSection":["Revue de Presse"],"inLanguage":"en-US"},{"@type":"WebPage","@id":"https:\/\/www.paulmas.com\/presse\/vinus-a-la-une-du-magazine-terre-de-vins-avec-francois-xavier-demaison\/","url":"https:\/\/www.paulmas.com\/presse\/vinus-a-la-une-du-magazine-terre-de-vins-avec-francois-xavier-demaison\/","name":"Vinus \u00e0 la Une du Magazine Terre de Vins avec Fran\u00e7ois-Xavier Demaison - Les Domaines Paul Mas","isPartOf":{"@id":"https:\/\/www.paulmas.com\/#website"},"primaryImageOfPage":{"@id":"https:\/\/www.paulmas.com\/presse\/vinus-a-la-une-du-magazine-terre-de-vins-avec-francois-xavier-demaison\/#primaryimage"},"image":{"@id":"https:\/\/www.paulmas.com\/presse\/vinus-a-la-une-du-magazine-terre-de-vins-avec-francois-xavier-demaison\/#primaryimage"},"thumbnailUrl":"https:\/\/www.paulmas.com\/wp-content\/uploads\/2017\/09\/terredevins-foire-aux-vins-2017.jpg","datePublished":"2017-09-11T07:50:24+00:00","dateModified":"2017-09-11T07:54:18+00:00","author":{"@id":"https:\/\/www.paulmas.com\/#\/schema\/person\/0255f01754a6d45e52362f3e20f6e032"},"breadcrumb":{"@id":"https:\/\/www.paulmas.com\/presse\/vinus-a-la-une-du-magazine-terre-de-vins-avec-francois-xavier-demaison\/#breadcrumb"},"inLanguage":"en-US","potentialAction":[{"@type":"ReadAction","target":["https:\/\/www.paulmas.com\/presse\/vinus-a-la-une-du-magazine-terre-de-vins-avec-francois-xavier-demaison\/"]}]},{"@type":"ImageObject","inLanguage":"en-US","@id":"https:\/\/www.paulmas.com\/presse\/vinus-a-la-une-du-magazine-terre-de-vins-avec-francois-xavier-demaison\/#primaryimage","url":"https:\/\/www.paulmas.com\/wp-content\/uploads\/2017\/09\/terredevins-foire-aux-vins-2017.jpg","contentUrl":"https:\/\/www.paulmas.com\/wp-content\/uploads\/2017\/09\/terredevins-foire-aux-vins-2017.jpg","width":1000,"height":1291,"caption":"foire aux vins terre de vins"},{"@type":"BreadcrumbList","@id":"https:\/\/www.paulmas.com\/presse\/vinus-a-la-une-du-magazine-terre-de-vins-avec-francois-xavier-demaison\/#breadcrumb","itemListElement":[{"@type":"ListItem","position":1,"name":"Accueil","item":"https:\/\/www.paulmas.com\/en\/"},{"@type":"ListItem","position":2,"name":"Vinus \u00e0 la Une du Magazine Terre de Vins avec Fran\u00e7ois-Xavier Demaison"}]},{"@type":"WebSite","@id":"https:\/\/www.paulmas.com\/#website","url":"https:\/\/www.paulmas.com\/","name":"Les Domaines Paul Mas","description":"Le luxe rural depuis 1892","potentialAction":[{"@type":"SearchAction","target":{"@type":"EntryPoint","urlTemplate":"https:\/\/www.paulmas.com\/?s={search_term_string}"},"query-input":{"@type":"PropertyValueSpecification","valueRequired":true,"valueName":"search_term_string"}}],"inLanguage":"en-US"},{"@type":"Person","@id":"https:\/\/www.paulmas.com\/#\/schema\/person\/0255f01754a6d45e52362f3e20f6e032","name":"paul mas","url":"https:\/\/www.paulmas.com\/en\/author\/paul-mas\/"}]}},"_links":{"self":[{"href":"https:\/\/www.paulmas.com\/en\/wp-json\/wp\/v2\/posts\/2878","targetHints":{"allow":["GET"]}}],"collection":[{"href":"https:\/\/www.paulmas.com\/en\/wp-json\/wp\/v2\/posts"}],"about":[{"href":"https:\/\/www.paulmas.com\/en\/wp-json\/wp\/v2\/types\/post"}],"author":[{"embeddable":true,"href":"https:\/\/www.paulmas.com\/en\/wp-json\/wp\/v2\/users\/2"}],"replies":[{"embeddable":true,"href":"https:\/\/www.paulmas.com\/en\/wp-json\/wp\/v2\/comments?post=2878"}],"version-history":[{"count":4,"href":"https:\/\/www.paulmas.com\/en\/wp-json\/wp\/v2\/posts\/2878\/revisions"}],"predecessor-version":[{"id":2885,"href":"https:\/\/www.paulmas.com\/en\/wp-json\/wp\/v2\/posts\/2878\/revisions\/2885"}],"wp:featuredmedia":[{"embeddable":true,"href":"https:\/\/www.paulmas.com\/en\/wp-json\/wp\/v2\/media\/2881"}],"wp:attachment":[{"href":"https:\/\/www.paulmas.com\/en\/wp-json\/wp\/v2\/media?parent=2878"}],"wp:term":[{"taxonomy":"category","embeddable":true,"href":"https:\/\/www.paulmas.com\/en\/wp-json\/wp\/v2\/categories?post=2878"},{"taxonomy":"post_tag","embeddable":true,"href":"https:\/\/www.paulmas.com\/en\/wp-json\/wp\/v2\/tags?post=2878"}],"curies":[{"name":"wp","href":"https:\/\/api.w.org\/{rel}","templated":true}]}}