{"id":2670,"date":"2017-08-01T07:47:24","date_gmt":"2017-08-01T07:47:24","guid":{"rendered":"https:\/\/paulmas.com\/?p=2670"},"modified":"2017-08-01T07:51:48","modified_gmt":"2017-08-01T07:51:48","slug":"fiesta-vino-le-25-aout-a-montagnac-vin-musique-et-patrimoine","status":"publish","type":"post","link":"https:\/\/www.paulmas.com\/en\/actualite\/fiesta-vino-le-25-aout-a-montagnac-vin-musique-et-patrimoine\/","title":{"rendered":"Festa Vino le 25 Ao\u00fbt \u00e0 Montagnac : vin, musique et patrimoine"},"content":{"rendered":"<p>Festa Vino, c\u2019est le nom des soir\u00e9es musicales organis\u00e9es depuis cette ann\u00e9e dans les villages de l&#8217;agglom\u00e9ration Agde-P\u00e9zenas.<\/p>\n<p>C\u2019est l\u2019occasion de d\u00e9couvrir de beaux petits endroits tout en se r\u00e9galant aupr\u00e8s de food-trucks qui mitonnent sur place leurs sp\u00e9cialit\u00e9s.<!--more--><\/p>\n<p>Le 25 ao\u00fbt, nous serons \u00e0 Montagnac<br \/>\nPlong\u00e9e dans l\u2019ambiance des foires m\u00e9di\u00e9vales dans le sillage d\u2019un guide, visite suivie d\u2019un bain de sons et de bonne humeur dans le th\u00e9\u00e2tre de verdure avec la fanfare ensoleill\u00e9e Les Enjoliveurs. Pour les petites faims les en-cas des food-trucks Teheiura (cuisine tahitienne) et Flamingo (burgers maison) ainsi que l\u2019Ecailler seront pr\u00e9sents.<\/p>\n<p><img loading=\"lazy\" decoding=\"async\" class=\"alignnone size-full wp-image-2668\" src=\"https:\/\/www.paulmas.com\/wp-content\/uploads\/2017\/08\/fiestavino.jpg\" alt=\"\" width=\"691\" height=\"960\" srcset=\"https:\/\/www.paulmas.com\/wp-content\/uploads\/2017\/08\/fiestavino.jpg 691w, https:\/\/www.paulmas.com\/wp-content\/uploads\/2017\/08\/fiestavino-216x300.jpg 216w\" sizes=\"(max-width: 691px) 100vw, 691px\" \/><\/p>\n","protected":false},"excerpt":{"rendered":"<p>Festa Vino, c\u2019est le nom des soir\u00e9es musicales organis\u00e9es depuis cette ann\u00e9e dans les villages de l&#8217;agglom\u00e9ration Agde-P\u00e9zenas.<\/p>\n<p>C\u2019est l\u2019occasion de d\u00e9couvrir de beaux petits endroits tout en se r\u00e9galant aupr\u00e8s de food-trucks qui mitonnent sur place leurs sp\u00e9cialit\u00e9s.<\/p>\n","protected":false},"author":2,"featured_media":2668,"comment_status":"closed","ping_status":"open","sticky":false,"template":"","format":"standard","meta":{"_et_pb_use_builder":"","_et_pb_old_content":"","_et_gb_content_width":"","footnotes":""},"categories":[6],"tags":[],"class_list":["post-2670","post","type-post","status-publish","format-standard","has-post-thumbnail","hentry","category-actualite"],"yoast_head":"<!-- This site is optimized with the Yoast SEO plugin v27.4 - https:\/\/yoast.com\/product\/yoast-seo-wordpress\/ -->\n<title>Festa Vino le 25 Ao\u00fbt \u00e0 Montagnac : vin, musique et patrimoine - Les Domaines Paul Mas<\/title>\n<meta name=\"robots\" content=\"index, follow, max-snippet:-1, max-image-preview:large, max-video-preview:-1\" \/>\n<link rel=\"canonical\" href=\"https:\/\/www.paulmas.com\/actualite\/fiesta-vino-le-25-aout-a-montagnac-vin-musique-et-patrimoine\/\" \/>\n<meta property=\"og:locale\" content=\"en_US\" \/>\n<meta property=\"og:type\" content=\"article\" \/>\n<meta property=\"og:title\" content=\"Festa Vino le 25 Ao\u00fbt \u00e0 Montagnac : vin, musique et patrimoine - Les Domaines Paul Mas\" \/>\n<meta property=\"og:description\" content=\"Festa Vino, c\u2019est le nom des soir\u00e9es musicales organis\u00e9es depuis cette ann\u00e9e dans les villages de l&#039;agglom\u00e9ration Agde-P\u00e9zenas.  C\u2019est l\u2019occasion de d\u00e9couvrir de beaux petits endroits tout en se r\u00e9galant aupr\u00e8s de food-trucks qui mitonnent sur place leurs sp\u00e9cialit\u00e9s.\" \/>\n<meta property=\"og:url\" content=\"https:\/\/www.paulmas.com\/actualite\/fiesta-vino-le-25-aout-a-montagnac-vin-musique-et-patrimoine\/\" \/>\n<meta property=\"og:site_name\" content=\"Les Domaines Paul Mas\" \/>\n<meta property=\"article:published_time\" content=\"2017-08-01T07:47:24+00:00\" \/>\n<meta property=\"article:modified_time\" content=\"2017-08-01T07:51:48+00:00\" \/>\n<meta property=\"og:image\" content=\"https:\/\/www.paulmas.com\/wp-content\/uploads\/2017\/08\/fiestavino.jpg\" \/>\n\t<meta property=\"og:image:width\" content=\"691\" \/>\n\t<meta property=\"og:image:height\" content=\"960\" \/>\n\t<meta property=\"og:image:type\" content=\"image\/jpeg\" \/>\n<meta name=\"author\" content=\"paul mas\" \/>\n<meta name=\"twitter:card\" content=\"summary_large_image\" \/>\n<meta name=\"twitter:label1\" content=\"Written by\" \/>\n\t<meta name=\"twitter:data1\" content=\"paul mas\" \/>\n\t<meta name=\"twitter:label2\" content=\"Est. reading time\" \/>\n\t<meta name=\"twitter:data2\" content=\"1 minute\" \/>\n<script type=\"application\/ld+json\" class=\"yoast-schema-graph\">{\"@context\":\"https:\\\/\\\/schema.org\",\"@graph\":[{\"@type\":\"Article\",\"@id\":\"https:\\\/\\\/www.paulmas.com\\\/actualite\\\/fiesta-vino-le-25-aout-a-montagnac-vin-musique-et-patrimoine\\\/#article\",\"isPartOf\":{\"@id\":\"https:\\\/\\\/www.paulmas.com\\\/actualite\\\/fiesta-vino-le-25-aout-a-montagnac-vin-musique-et-patrimoine\\\/\"},\"author\":{\"name\":\"paul mas\",\"@id\":\"https:\\\/\\\/www.paulmas.com\\\/#\\\/schema\\\/person\\\/0255f01754a6d45e52362f3e20f6e032\"},\"headline\":\"Festa Vino le 25 Ao\u00fbt \u00e0 Montagnac : vin, musique et patrimoine\",\"datePublished\":\"2017-08-01T07:47:24+00:00\",\"dateModified\":\"2017-08-01T07:51:48+00:00\",\"mainEntityOfPage\":{\"@id\":\"https:\\\/\\\/www.paulmas.com\\\/actualite\\\/fiesta-vino-le-25-aout-a-montagnac-vin-musique-et-patrimoine\\\/\"},\"wordCount\":131,\"image\":{\"@id\":\"https:\\\/\\\/www.paulmas.com\\\/actualite\\\/fiesta-vino-le-25-aout-a-montagnac-vin-musique-et-patrimoine\\\/#primaryimage\"},\"thumbnailUrl\":\"https:\\\/\\\/www.paulmas.com\\\/wp-content\\\/uploads\\\/2017\\\/08\\\/fiestavino.jpg\",\"articleSection\":[\"Actualit\u00e9\"],\"inLanguage\":\"en-US\"},{\"@type\":\"WebPage\",\"@id\":\"https:\\\/\\\/www.paulmas.com\\\/actualite\\\/fiesta-vino-le-25-aout-a-montagnac-vin-musique-et-patrimoine\\\/\",\"url\":\"https:\\\/\\\/www.paulmas.com\\\/actualite\\\/fiesta-vino-le-25-aout-a-montagnac-vin-musique-et-patrimoine\\\/\",\"name\":\"Festa Vino le 25 Ao\u00fbt \u00e0 Montagnac : vin, musique et patrimoine - Les Domaines Paul Mas\",\"isPartOf\":{\"@id\":\"https:\\\/\\\/www.paulmas.com\\\/#website\"},\"primaryImageOfPage\":{\"@id\":\"https:\\\/\\\/www.paulmas.com\\\/actualite\\\/fiesta-vino-le-25-aout-a-montagnac-vin-musique-et-patrimoine\\\/#primaryimage\"},\"image\":{\"@id\":\"https:\\\/\\\/www.paulmas.com\\\/actualite\\\/fiesta-vino-le-25-aout-a-montagnac-vin-musique-et-patrimoine\\\/#primaryimage\"},\"thumbnailUrl\":\"https:\\\/\\\/www.paulmas.com\\\/wp-content\\\/uploads\\\/2017\\\/08\\\/fiestavino.jpg\",\"datePublished\":\"2017-08-01T07:47:24+00:00\",\"dateModified\":\"2017-08-01T07:51:48+00:00\",\"author\":{\"@id\":\"https:\\\/\\\/www.paulmas.com\\\/#\\\/schema\\\/person\\\/0255f01754a6d45e52362f3e20f6e032\"},\"breadcrumb\":{\"@id\":\"https:\\\/\\\/www.paulmas.com\\\/actualite\\\/fiesta-vino-le-25-aout-a-montagnac-vin-musique-et-patrimoine\\\/#breadcrumb\"},\"inLanguage\":\"en-US\",\"potentialAction\":[{\"@type\":\"ReadAction\",\"target\":[\"https:\\\/\\\/www.paulmas.com\\\/actualite\\\/fiesta-vino-le-25-aout-a-montagnac-vin-musique-et-patrimoine\\\/\"]}]},{\"@type\":\"ImageObject\",\"inLanguage\":\"en-US\",\"@id\":\"https:\\\/\\\/www.paulmas.com\\\/actualite\\\/fiesta-vino-le-25-aout-a-montagnac-vin-musique-et-patrimoine\\\/#primaryimage\",\"url\":\"https:\\\/\\\/www.paulmas.com\\\/wp-content\\\/uploads\\\/2017\\\/08\\\/fiestavino.jpg\",\"contentUrl\":\"https:\\\/\\\/www.paulmas.com\\\/wp-content\\\/uploads\\\/2017\\\/08\\\/fiestavino.jpg\",\"width\":691,\"height\":960},{\"@type\":\"BreadcrumbList\",\"@id\":\"https:\\\/\\\/www.paulmas.com\\\/actualite\\\/fiesta-vino-le-25-aout-a-montagnac-vin-musique-et-patrimoine\\\/#breadcrumb\",\"itemListElement\":[{\"@type\":\"ListItem\",\"position\":1,\"name\":\"Accueil\",\"item\":\"https:\\\/\\\/www.paulmas.com\\\/en\\\/\"},{\"@type\":\"ListItem\",\"position\":2,\"name\":\"Festa Vino le 25 Ao\u00fbt \u00e0 Montagnac : vin, musique et patrimoine\"}]},{\"@type\":\"WebSite\",\"@id\":\"https:\\\/\\\/www.paulmas.com\\\/#website\",\"url\":\"https:\\\/\\\/www.paulmas.com\\\/\",\"name\":\"Les Domaines Paul Mas\",\"description\":\"Le luxe rural depuis 1892\",\"potentialAction\":[{\"@type\":\"SearchAction\",\"target\":{\"@type\":\"EntryPoint\",\"urlTemplate\":\"https:\\\/\\\/www.paulmas.com\\\/?s={search_term_string}\"},\"query-input\":{\"@type\":\"PropertyValueSpecification\",\"valueRequired\":true,\"valueName\":\"search_term_string\"}}],\"inLanguage\":\"en-US\"},{\"@type\":\"Person\",\"@id\":\"https:\\\/\\\/www.paulmas.com\\\/#\\\/schema\\\/person\\\/0255f01754a6d45e52362f3e20f6e032\",\"name\":\"paul mas\",\"url\":\"https:\\\/\\\/www.paulmas.com\\\/en\\\/author\\\/paul-mas\\\/\"}]}<\/script>\n<!-- \/ Yoast SEO plugin. -->","yoast_head_json":{"title":"Festa Vino le 25 Ao\u00fbt \u00e0 Montagnac : vin, musique et patrimoine - Les Domaines Paul Mas","robots":{"index":"index","follow":"follow","max-snippet":"max-snippet:-1","max-image-preview":"max-image-preview:large","max-video-preview":"max-video-preview:-1"},"canonical":"https:\/\/www.paulmas.com\/actualite\/fiesta-vino-le-25-aout-a-montagnac-vin-musique-et-patrimoine\/","og_locale":"en_US","og_type":"article","og_title":"Festa Vino le 25 Ao\u00fbt \u00e0 Montagnac : vin, musique et patrimoine - Les Domaines Paul Mas","og_description":"Festa Vino, c\u2019est le nom des soir\u00e9es musicales organis\u00e9es depuis cette ann\u00e9e dans les villages de l'agglom\u00e9ration Agde-P\u00e9zenas.  C\u2019est l\u2019occasion de d\u00e9couvrir de beaux petits endroits tout en se r\u00e9galant aupr\u00e8s de food-trucks qui mitonnent sur place leurs sp\u00e9cialit\u00e9s.","og_url":"https:\/\/www.paulmas.com\/actualite\/fiesta-vino-le-25-aout-a-montagnac-vin-musique-et-patrimoine\/","og_site_name":"Les Domaines Paul Mas","article_published_time":"2017-08-01T07:47:24+00:00","article_modified_time":"2017-08-01T07:51:48+00:00","og_image":[{"width":691,"height":960,"url":"https:\/\/www.paulmas.com\/wp-content\/uploads\/2017\/08\/fiestavino.jpg","type":"image\/jpeg"}],"author":"paul mas","twitter_card":"summary_large_image","twitter_misc":{"Written by":"paul mas","Est. reading time":"1 minute"},"schema":{"@context":"https:\/\/schema.org","@graph":[{"@type":"Article","@id":"https:\/\/www.paulmas.com\/actualite\/fiesta-vino-le-25-aout-a-montagnac-vin-musique-et-patrimoine\/#article","isPartOf":{"@id":"https:\/\/www.paulmas.com\/actualite\/fiesta-vino-le-25-aout-a-montagnac-vin-musique-et-patrimoine\/"},"author":{"name":"paul mas","@id":"https:\/\/www.paulmas.com\/#\/schema\/person\/0255f01754a6d45e52362f3e20f6e032"},"headline":"Festa Vino le 25 Ao\u00fbt \u00e0 Montagnac : vin, musique et patrimoine","datePublished":"2017-08-01T07:47:24+00:00","dateModified":"2017-08-01T07:51:48+00:00","mainEntityOfPage":{"@id":"https:\/\/www.paulmas.com\/actualite\/fiesta-vino-le-25-aout-a-montagnac-vin-musique-et-patrimoine\/"},"wordCount":131,"image":{"@id":"https:\/\/www.paulmas.com\/actualite\/fiesta-vino-le-25-aout-a-montagnac-vin-musique-et-patrimoine\/#primaryimage"},"thumbnailUrl":"https:\/\/www.paulmas.com\/wp-content\/uploads\/2017\/08\/fiestavino.jpg","articleSection":["Actualit\u00e9"],"inLanguage":"en-US"},{"@type":"WebPage","@id":"https:\/\/www.paulmas.com\/actualite\/fiesta-vino-le-25-aout-a-montagnac-vin-musique-et-patrimoine\/","url":"https:\/\/www.paulmas.com\/actualite\/fiesta-vino-le-25-aout-a-montagnac-vin-musique-et-patrimoine\/","name":"Festa Vino le 25 Ao\u00fbt \u00e0 Montagnac : vin, musique et patrimoine - Les Domaines Paul Mas","isPartOf":{"@id":"https:\/\/www.paulmas.com\/#website"},"primaryImageOfPage":{"@id":"https:\/\/www.paulmas.com\/actualite\/fiesta-vino-le-25-aout-a-montagnac-vin-musique-et-patrimoine\/#primaryimage"},"image":{"@id":"https:\/\/www.paulmas.com\/actualite\/fiesta-vino-le-25-aout-a-montagnac-vin-musique-et-patrimoine\/#primaryimage"},"thumbnailUrl":"https:\/\/www.paulmas.com\/wp-content\/uploads\/2017\/08\/fiestavino.jpg","datePublished":"2017-08-01T07:47:24+00:00","dateModified":"2017-08-01T07:51:48+00:00","author":{"@id":"https:\/\/www.paulmas.com\/#\/schema\/person\/0255f01754a6d45e52362f3e20f6e032"},"breadcrumb":{"@id":"https:\/\/www.paulmas.com\/actualite\/fiesta-vino-le-25-aout-a-montagnac-vin-musique-et-patrimoine\/#breadcrumb"},"inLanguage":"en-US","potentialAction":[{"@type":"ReadAction","target":["https:\/\/www.paulmas.com\/actualite\/fiesta-vino-le-25-aout-a-montagnac-vin-musique-et-patrimoine\/"]}]},{"@type":"ImageObject","inLanguage":"en-US","@id":"https:\/\/www.paulmas.com\/actualite\/fiesta-vino-le-25-aout-a-montagnac-vin-musique-et-patrimoine\/#primaryimage","url":"https:\/\/www.paulmas.com\/wp-content\/uploads\/2017\/08\/fiestavino.jpg","contentUrl":"https:\/\/www.paulmas.com\/wp-content\/uploads\/2017\/08\/fiestavino.jpg","width":691,"height":960},{"@type":"BreadcrumbList","@id":"https:\/\/www.paulmas.com\/actualite\/fiesta-vino-le-25-aout-a-montagnac-vin-musique-et-patrimoine\/#breadcrumb","itemListElement":[{"@type":"ListItem","position":1,"name":"Accueil","item":"https:\/\/www.paulmas.com\/en\/"},{"@type":"ListItem","position":2,"name":"Festa Vino le 25 Ao\u00fbt \u00e0 Montagnac : vin, musique et patrimoine"}]},{"@type":"WebSite","@id":"https:\/\/www.paulmas.com\/#website","url":"https:\/\/www.paulmas.com\/","name":"Les Domaines Paul Mas","description":"Le luxe rural depuis 1892","potentialAction":[{"@type":"SearchAction","target":{"@type":"EntryPoint","urlTemplate":"https:\/\/www.paulmas.com\/?s={search_term_string}"},"query-input":{"@type":"PropertyValueSpecification","valueRequired":true,"valueName":"search_term_string"}}],"inLanguage":"en-US"},{"@type":"Person","@id":"https:\/\/www.paulmas.com\/#\/schema\/person\/0255f01754a6d45e52362f3e20f6e032","name":"paul mas","url":"https:\/\/www.paulmas.com\/en\/author\/paul-mas\/"}]}},"_links":{"self":[{"href":"https:\/\/www.paulmas.com\/en\/wp-json\/wp\/v2\/posts\/2670","targetHints":{"allow":["GET"]}}],"collection":[{"href":"https:\/\/www.paulmas.com\/en\/wp-json\/wp\/v2\/posts"}],"about":[{"href":"https:\/\/www.paulmas.com\/en\/wp-json\/wp\/v2\/types\/post"}],"author":[{"embeddable":true,"href":"https:\/\/www.paulmas.com\/en\/wp-json\/wp\/v2\/users\/2"}],"replies":[{"embeddable":true,"href":"https:\/\/www.paulmas.com\/en\/wp-json\/wp\/v2\/comments?post=2670"}],"version-history":[{"count":3,"href":"https:\/\/www.paulmas.com\/en\/wp-json\/wp\/v2\/posts\/2670\/revisions"}],"predecessor-version":[{"id":2674,"href":"https:\/\/www.paulmas.com\/en\/wp-json\/wp\/v2\/posts\/2670\/revisions\/2674"}],"wp:featuredmedia":[{"embeddable":true,"href":"https:\/\/www.paulmas.com\/en\/wp-json\/wp\/v2\/media\/2668"}],"wp:attachment":[{"href":"https:\/\/www.paulmas.com\/en\/wp-json\/wp\/v2\/media?parent=2670"}],"wp:term":[{"taxonomy":"category","embeddable":true,"href":"https:\/\/www.paulmas.com\/en\/wp-json\/wp\/v2\/categories?post=2670"},{"taxonomy":"post_tag","embeddable":true,"href":"https:\/\/www.paulmas.com\/en\/wp-json\/wp\/v2\/tags?post=2670"}],"curies":[{"name":"wp","href":"https:\/\/api.w.org\/{rel}","templated":true}]}}