{"id":2661,"date":"2017-08-01T07:21:38","date_gmt":"2017-08-01T07:21:38","guid":{"rendered":"https:\/\/paulmas.com\/?p=2661"},"modified":"2017-08-01T07:21:38","modified_gmt":"2017-08-01T07:21:38","slug":"estivales-de-pezenas-le-vendredi-4-aout-sur-le-cours-jean-jaures","status":"publish","type":"post","link":"https:\/\/www.paulmas.com\/en\/actualite\/estivales-de-pezenas-le-vendredi-4-aout-sur-le-cours-jean-jaures\/","title":{"rendered":"Estivales de P\u00e9zenas le vendredi 4 Ao\u00fbt sur le cours Jean Jaur\u00e8s"},"content":{"rendered":"<p>Rendez-vous ce vendredi 4 Ao\u00fbt \u00e0 partir de 19h sur le cours Jean Jaur\u00e8s \u00e0 P\u00e9zenas pour les fabuleuses Estivales de P\u00e9zenas.<\/p>\n<p>Une soir\u00e9e toujours plac\u00e9e sous le signe de la convivialit\u00e9 avec beaucoup d&#8217;\u00e9changes entre le public et les vignerons. Achetez votre verre s\u00e9rigraphi\u00e9 et venez nous voir.<\/p>\n<p><img loading=\"lazy\" decoding=\"async\" class=\"alignnone size-full wp-image-2662\" src=\"https:\/\/www.paulmas.com\/wp-content\/uploads\/2017\/08\/lesestivalesfb2017.jpg\" alt=\"\" width=\"960\" height=\"355\" srcset=\"https:\/\/www.paulmas.com\/wp-content\/uploads\/2017\/08\/lesestivalesfb2017.jpg 960w, https:\/\/www.paulmas.com\/wp-content\/uploads\/2017\/08\/lesestivalesfb2017-300x111.jpg 300w, https:\/\/www.paulmas.com\/wp-content\/uploads\/2017\/08\/lesestivalesfb2017-768x284.jpg 768w\" sizes=\"(max-width: 960px) 100vw, 960px\" \/><\/p>\n","protected":false},"excerpt":{"rendered":"<p>Rendez-vous ce vendredi 4 Ao\u00fbt \u00e0 partir de 19h sur le cours Jean Jaur\u00e8s \u00e0 P\u00e9zenas pour les fabuleuses Estivales de P\u00e9zenas. Une soir\u00e9e toujours plac\u00e9e sous le signe de la convivialit\u00e9 avec beaucoup d&#8217;\u00e9changes entre le public et les vignerons. Achetez votre verre s\u00e9rigraphi\u00e9 et venez nous voir.<\/p>\n","protected":false},"author":2,"featured_media":2663,"comment_status":"closed","ping_status":"open","sticky":false,"template":"","format":"standard","meta":{"_et_pb_use_builder":"","_et_pb_old_content":"","_et_gb_content_width":"","footnotes":""},"categories":[6],"tags":[],"class_list":["post-2661","post","type-post","status-publish","format-standard","has-post-thumbnail","hentry","category-actualite"],"yoast_head":"<!-- This site is optimized with the Yoast SEO plugin v27.4 - https:\/\/yoast.com\/product\/yoast-seo-wordpress\/ -->\n<title>Estivales de P\u00e9zenas le vendredi 4 Ao\u00fbt sur le cours Jean Jaur\u00e8s - Les Domaines Paul Mas<\/title>\n<meta name=\"robots\" content=\"index, follow, max-snippet:-1, max-image-preview:large, max-video-preview:-1\" \/>\n<link rel=\"canonical\" href=\"https:\/\/www.paulmas.com\/actualite\/estivales-de-pezenas-le-vendredi-4-aout-sur-le-cours-jean-jaures\/\" \/>\n<meta property=\"og:locale\" content=\"en_US\" \/>\n<meta property=\"og:type\" content=\"article\" \/>\n<meta property=\"og:title\" content=\"Estivales de P\u00e9zenas le vendredi 4 Ao\u00fbt sur le cours Jean Jaur\u00e8s - Les Domaines Paul Mas\" \/>\n<meta property=\"og:description\" content=\"Rendez-vous ce vendredi 4 Ao\u00fbt \u00e0 partir de 19h sur le cours Jean Jaur\u00e8s \u00e0 P\u00e9zenas pour les fabuleuses Estivales de P\u00e9zenas. Une soir\u00e9e toujours plac\u00e9e sous le signe de la convivialit\u00e9 avec beaucoup d&#8217;\u00e9changes entre le public et les vignerons. Achetez votre verre s\u00e9rigraphi\u00e9 et venez nous voir.\" \/>\n<meta property=\"og:url\" content=\"https:\/\/www.paulmas.com\/actualite\/estivales-de-pezenas-le-vendredi-4-aout-sur-le-cours-jean-jaures\/\" \/>\n<meta property=\"og:site_name\" content=\"Les Domaines Paul Mas\" \/>\n<meta property=\"article:published_time\" content=\"2017-08-01T07:21:38+00:00\" \/>\n<meta property=\"og:image\" content=\"https:\/\/www.paulmas.com\/wp-content\/uploads\/2017\/08\/estivales2017-copie.jpg\" \/>\n\t<meta property=\"og:image:width\" content=\"500\" \/>\n\t<meta property=\"og:image:height\" content=\"499\" \/>\n\t<meta property=\"og:image:type\" content=\"image\/jpeg\" \/>\n<meta name=\"author\" content=\"paul mas\" \/>\n<meta name=\"twitter:card\" content=\"summary_large_image\" \/>\n<meta name=\"twitter:label1\" content=\"Written by\" \/>\n\t<meta name=\"twitter:data1\" content=\"paul mas\" \/>\n<script type=\"application\/ld+json\" class=\"yoast-schema-graph\">{\"@context\":\"https:\\\/\\\/schema.org\",\"@graph\":[{\"@type\":\"Article\",\"@id\":\"https:\\\/\\\/www.paulmas.com\\\/actualite\\\/estivales-de-pezenas-le-vendredi-4-aout-sur-le-cours-jean-jaures\\\/#article\",\"isPartOf\":{\"@id\":\"https:\\\/\\\/www.paulmas.com\\\/actualite\\\/estivales-de-pezenas-le-vendredi-4-aout-sur-le-cours-jean-jaures\\\/\"},\"author\":{\"name\":\"paul mas\",\"@id\":\"https:\\\/\\\/www.paulmas.com\\\/#\\\/schema\\\/person\\\/0255f01754a6d45e52362f3e20f6e032\"},\"headline\":\"Estivales de P\u00e9zenas le vendredi 4 Ao\u00fbt sur le cours Jean Jaur\u00e8s\",\"datePublished\":\"2017-08-01T07:21:38+00:00\",\"mainEntityOfPage\":{\"@id\":\"https:\\\/\\\/www.paulmas.com\\\/actualite\\\/estivales-de-pezenas-le-vendredi-4-aout-sur-le-cours-jean-jaures\\\/\"},\"wordCount\":68,\"image\":{\"@id\":\"https:\\\/\\\/www.paulmas.com\\\/actualite\\\/estivales-de-pezenas-le-vendredi-4-aout-sur-le-cours-jean-jaures\\\/#primaryimage\"},\"thumbnailUrl\":\"https:\\\/\\\/www.paulmas.com\\\/wp-content\\\/uploads\\\/2017\\\/08\\\/estivales2017-copie.jpg\",\"articleSection\":[\"Actualit\u00e9\"],\"inLanguage\":\"en-US\"},{\"@type\":\"WebPage\",\"@id\":\"https:\\\/\\\/www.paulmas.com\\\/actualite\\\/estivales-de-pezenas-le-vendredi-4-aout-sur-le-cours-jean-jaures\\\/\",\"url\":\"https:\\\/\\\/www.paulmas.com\\\/actualite\\\/estivales-de-pezenas-le-vendredi-4-aout-sur-le-cours-jean-jaures\\\/\",\"name\":\"Estivales de P\u00e9zenas le vendredi 4 Ao\u00fbt sur le cours Jean Jaur\u00e8s - Les Domaines Paul Mas\",\"isPartOf\":{\"@id\":\"https:\\\/\\\/www.paulmas.com\\\/#website\"},\"primaryImageOfPage\":{\"@id\":\"https:\\\/\\\/www.paulmas.com\\\/actualite\\\/estivales-de-pezenas-le-vendredi-4-aout-sur-le-cours-jean-jaures\\\/#primaryimage\"},\"image\":{\"@id\":\"https:\\\/\\\/www.paulmas.com\\\/actualite\\\/estivales-de-pezenas-le-vendredi-4-aout-sur-le-cours-jean-jaures\\\/#primaryimage\"},\"thumbnailUrl\":\"https:\\\/\\\/www.paulmas.com\\\/wp-content\\\/uploads\\\/2017\\\/08\\\/estivales2017-copie.jpg\",\"datePublished\":\"2017-08-01T07:21:38+00:00\",\"author\":{\"@id\":\"https:\\\/\\\/www.paulmas.com\\\/#\\\/schema\\\/person\\\/0255f01754a6d45e52362f3e20f6e032\"},\"breadcrumb\":{\"@id\":\"https:\\\/\\\/www.paulmas.com\\\/actualite\\\/estivales-de-pezenas-le-vendredi-4-aout-sur-le-cours-jean-jaures\\\/#breadcrumb\"},\"inLanguage\":\"en-US\",\"potentialAction\":[{\"@type\":\"ReadAction\",\"target\":[\"https:\\\/\\\/www.paulmas.com\\\/actualite\\\/estivales-de-pezenas-le-vendredi-4-aout-sur-le-cours-jean-jaures\\\/\"]}]},{\"@type\":\"ImageObject\",\"inLanguage\":\"en-US\",\"@id\":\"https:\\\/\\\/www.paulmas.com\\\/actualite\\\/estivales-de-pezenas-le-vendredi-4-aout-sur-le-cours-jean-jaures\\\/#primaryimage\",\"url\":\"https:\\\/\\\/www.paulmas.com\\\/wp-content\\\/uploads\\\/2017\\\/08\\\/estivales2017-copie.jpg\",\"contentUrl\":\"https:\\\/\\\/www.paulmas.com\\\/wp-content\\\/uploads\\\/2017\\\/08\\\/estivales2017-copie.jpg\",\"width\":500,\"height\":499},{\"@type\":\"BreadcrumbList\",\"@id\":\"https:\\\/\\\/www.paulmas.com\\\/actualite\\\/estivales-de-pezenas-le-vendredi-4-aout-sur-le-cours-jean-jaures\\\/#breadcrumb\",\"itemListElement\":[{\"@type\":\"ListItem\",\"position\":1,\"name\":\"Accueil\",\"item\":\"https:\\\/\\\/www.paulmas.com\\\/en\\\/\"},{\"@type\":\"ListItem\",\"position\":2,\"name\":\"Estivales de P\u00e9zenas le vendredi 4 Ao\u00fbt sur le cours Jean Jaur\u00e8s\"}]},{\"@type\":\"WebSite\",\"@id\":\"https:\\\/\\\/www.paulmas.com\\\/#website\",\"url\":\"https:\\\/\\\/www.paulmas.com\\\/\",\"name\":\"Les Domaines Paul Mas\",\"description\":\"Le luxe rural depuis 1892\",\"potentialAction\":[{\"@type\":\"SearchAction\",\"target\":{\"@type\":\"EntryPoint\",\"urlTemplate\":\"https:\\\/\\\/www.paulmas.com\\\/?s={search_term_string}\"},\"query-input\":{\"@type\":\"PropertyValueSpecification\",\"valueRequired\":true,\"valueName\":\"search_term_string\"}}],\"inLanguage\":\"en-US\"},{\"@type\":\"Person\",\"@id\":\"https:\\\/\\\/www.paulmas.com\\\/#\\\/schema\\\/person\\\/0255f01754a6d45e52362f3e20f6e032\",\"name\":\"paul mas\",\"url\":\"https:\\\/\\\/www.paulmas.com\\\/en\\\/author\\\/paul-mas\\\/\"}]}<\/script>\n<!-- \/ Yoast SEO plugin. -->","yoast_head_json":{"title":"Estivales de P\u00e9zenas le vendredi 4 Ao\u00fbt sur le cours Jean Jaur\u00e8s - Les Domaines Paul Mas","robots":{"index":"index","follow":"follow","max-snippet":"max-snippet:-1","max-image-preview":"max-image-preview:large","max-video-preview":"max-video-preview:-1"},"canonical":"https:\/\/www.paulmas.com\/actualite\/estivales-de-pezenas-le-vendredi-4-aout-sur-le-cours-jean-jaures\/","og_locale":"en_US","og_type":"article","og_title":"Estivales de P\u00e9zenas le vendredi 4 Ao\u00fbt sur le cours Jean Jaur\u00e8s - Les Domaines Paul Mas","og_description":"Rendez-vous ce vendredi 4 Ao\u00fbt \u00e0 partir de 19h sur le cours Jean Jaur\u00e8s \u00e0 P\u00e9zenas pour les fabuleuses Estivales de P\u00e9zenas. Une soir\u00e9e toujours plac\u00e9e sous le signe de la convivialit\u00e9 avec beaucoup d&#8217;\u00e9changes entre le public et les vignerons. Achetez votre verre s\u00e9rigraphi\u00e9 et venez nous voir.","og_url":"https:\/\/www.paulmas.com\/actualite\/estivales-de-pezenas-le-vendredi-4-aout-sur-le-cours-jean-jaures\/","og_site_name":"Les Domaines Paul Mas","article_published_time":"2017-08-01T07:21:38+00:00","og_image":[{"width":500,"height":499,"url":"https:\/\/www.paulmas.com\/wp-content\/uploads\/2017\/08\/estivales2017-copie.jpg","type":"image\/jpeg"}],"author":"paul mas","twitter_card":"summary_large_image","twitter_misc":{"Written by":"paul mas"},"schema":{"@context":"https:\/\/schema.org","@graph":[{"@type":"Article","@id":"https:\/\/www.paulmas.com\/actualite\/estivales-de-pezenas-le-vendredi-4-aout-sur-le-cours-jean-jaures\/#article","isPartOf":{"@id":"https:\/\/www.paulmas.com\/actualite\/estivales-de-pezenas-le-vendredi-4-aout-sur-le-cours-jean-jaures\/"},"author":{"name":"paul mas","@id":"https:\/\/www.paulmas.com\/#\/schema\/person\/0255f01754a6d45e52362f3e20f6e032"},"headline":"Estivales de P\u00e9zenas le vendredi 4 Ao\u00fbt sur le cours Jean Jaur\u00e8s","datePublished":"2017-08-01T07:21:38+00:00","mainEntityOfPage":{"@id":"https:\/\/www.paulmas.com\/actualite\/estivales-de-pezenas-le-vendredi-4-aout-sur-le-cours-jean-jaures\/"},"wordCount":68,"image":{"@id":"https:\/\/www.paulmas.com\/actualite\/estivales-de-pezenas-le-vendredi-4-aout-sur-le-cours-jean-jaures\/#primaryimage"},"thumbnailUrl":"https:\/\/www.paulmas.com\/wp-content\/uploads\/2017\/08\/estivales2017-copie.jpg","articleSection":["Actualit\u00e9"],"inLanguage":"en-US"},{"@type":"WebPage","@id":"https:\/\/www.paulmas.com\/actualite\/estivales-de-pezenas-le-vendredi-4-aout-sur-le-cours-jean-jaures\/","url":"https:\/\/www.paulmas.com\/actualite\/estivales-de-pezenas-le-vendredi-4-aout-sur-le-cours-jean-jaures\/","name":"Estivales de P\u00e9zenas le vendredi 4 Ao\u00fbt sur le cours Jean Jaur\u00e8s - Les Domaines Paul Mas","isPartOf":{"@id":"https:\/\/www.paulmas.com\/#website"},"primaryImageOfPage":{"@id":"https:\/\/www.paulmas.com\/actualite\/estivales-de-pezenas-le-vendredi-4-aout-sur-le-cours-jean-jaures\/#primaryimage"},"image":{"@id":"https:\/\/www.paulmas.com\/actualite\/estivales-de-pezenas-le-vendredi-4-aout-sur-le-cours-jean-jaures\/#primaryimage"},"thumbnailUrl":"https:\/\/www.paulmas.com\/wp-content\/uploads\/2017\/08\/estivales2017-copie.jpg","datePublished":"2017-08-01T07:21:38+00:00","author":{"@id":"https:\/\/www.paulmas.com\/#\/schema\/person\/0255f01754a6d45e52362f3e20f6e032"},"breadcrumb":{"@id":"https:\/\/www.paulmas.com\/actualite\/estivales-de-pezenas-le-vendredi-4-aout-sur-le-cours-jean-jaures\/#breadcrumb"},"inLanguage":"en-US","potentialAction":[{"@type":"ReadAction","target":["https:\/\/www.paulmas.com\/actualite\/estivales-de-pezenas-le-vendredi-4-aout-sur-le-cours-jean-jaures\/"]}]},{"@type":"ImageObject","inLanguage":"en-US","@id":"https:\/\/www.paulmas.com\/actualite\/estivales-de-pezenas-le-vendredi-4-aout-sur-le-cours-jean-jaures\/#primaryimage","url":"https:\/\/www.paulmas.com\/wp-content\/uploads\/2017\/08\/estivales2017-copie.jpg","contentUrl":"https:\/\/www.paulmas.com\/wp-content\/uploads\/2017\/08\/estivales2017-copie.jpg","width":500,"height":499},{"@type":"BreadcrumbList","@id":"https:\/\/www.paulmas.com\/actualite\/estivales-de-pezenas-le-vendredi-4-aout-sur-le-cours-jean-jaures\/#breadcrumb","itemListElement":[{"@type":"ListItem","position":1,"name":"Accueil","item":"https:\/\/www.paulmas.com\/en\/"},{"@type":"ListItem","position":2,"name":"Estivales de P\u00e9zenas le vendredi 4 Ao\u00fbt sur le cours Jean Jaur\u00e8s"}]},{"@type":"WebSite","@id":"https:\/\/www.paulmas.com\/#website","url":"https:\/\/www.paulmas.com\/","name":"Les Domaines Paul Mas","description":"Le luxe rural depuis 1892","potentialAction":[{"@type":"SearchAction","target":{"@type":"EntryPoint","urlTemplate":"https:\/\/www.paulmas.com\/?s={search_term_string}"},"query-input":{"@type":"PropertyValueSpecification","valueRequired":true,"valueName":"search_term_string"}}],"inLanguage":"en-US"},{"@type":"Person","@id":"https:\/\/www.paulmas.com\/#\/schema\/person\/0255f01754a6d45e52362f3e20f6e032","name":"paul mas","url":"https:\/\/www.paulmas.com\/en\/author\/paul-mas\/"}]}},"_links":{"self":[{"href":"https:\/\/www.paulmas.com\/en\/wp-json\/wp\/v2\/posts\/2661","targetHints":{"allow":["GET"]}}],"collection":[{"href":"https:\/\/www.paulmas.com\/en\/wp-json\/wp\/v2\/posts"}],"about":[{"href":"https:\/\/www.paulmas.com\/en\/wp-json\/wp\/v2\/types\/post"}],"author":[{"embeddable":true,"href":"https:\/\/www.paulmas.com\/en\/wp-json\/wp\/v2\/users\/2"}],"replies":[{"embeddable":true,"href":"https:\/\/www.paulmas.com\/en\/wp-json\/wp\/v2\/comments?post=2661"}],"version-history":[{"count":1,"href":"https:\/\/www.paulmas.com\/en\/wp-json\/wp\/v2\/posts\/2661\/revisions"}],"predecessor-version":[{"id":2664,"href":"https:\/\/www.paulmas.com\/en\/wp-json\/wp\/v2\/posts\/2661\/revisions\/2664"}],"wp:featuredmedia":[{"embeddable":true,"href":"https:\/\/www.paulmas.com\/en\/wp-json\/wp\/v2\/media\/2663"}],"wp:attachment":[{"href":"https:\/\/www.paulmas.com\/en\/wp-json\/wp\/v2\/media?parent=2661"}],"wp:term":[{"taxonomy":"category","embeddable":true,"href":"https:\/\/www.paulmas.com\/en\/wp-json\/wp\/v2\/categories?post=2661"},{"taxonomy":"post_tag","embeddable":true,"href":"https:\/\/www.paulmas.com\/en\/wp-json\/wp\/v2\/tags?post=2661"}],"curies":[{"name":"wp","href":"https:\/\/api.w.org\/{rel}","templated":true}]}}