{"id":2654,"date":"2017-07-31T08:47:46","date_gmt":"2017-07-31T08:47:46","guid":{"rendered":"https:\/\/paulmas.com\/?p=2654"},"modified":"2017-07-31T08:47:46","modified_gmt":"2017-07-31T08:47:46","slug":"cote-mas-la-viniculture-en-terre-occitane-interview-video-de-midi-libre","status":"publish","type":"post","link":"https:\/\/www.paulmas.com\/en\/presse\/cote-mas-la-viniculture-en-terre-occitane-interview-video-de-midi-libre\/","title":{"rendered":"C\u00f4t\u00e9 Mas, la viniculture en terre occitane, interview vid\u00e9o de Midi Libre"},"content":{"rendered":"<p>&#8220;Visite des chais, cours de cuisine, balades en quad ou \u00e0 cheval dans le vignoble sont autant d&#8217;occasions originales de d\u00e9guster les cuv\u00e9es embl\u00e9matiques.&#8221;<\/p>\n<div style=\"position: relative; padding-bottom: 57.25%;\"><iframe loading=\"lazy\" style=\"position: absolute; top: 0; left: 0; width: 100%; height: 100%;\" src=\"https:\/\/player.myvideoplace.tv\/?v=MIDI_PAD_300717\" width=\"300\" height=\"150\" frameborder=\"0\" allowfullscreen=\"allowfullscreen\"><\/iframe><\/div>\n","protected":false},"excerpt":{"rendered":"<p>&#8220;Visite des chais, cours de cuisine, balades en quad ou \u00e0 cheval dans le vignoble sont autant d&#8217;occasions originales de d\u00e9guster les cuv\u00e9es embl\u00e9matiques.&#8221;<\/p>\n","protected":false},"author":2,"featured_media":2656,"comment_status":"closed","ping_status":"open","sticky":false,"template":"","format":"standard","meta":{"_et_pb_use_builder":"","_et_pb_old_content":"","_et_gb_content_width":"","footnotes":""},"categories":[3],"tags":[],"class_list":["post-2654","post","type-post","status-publish","format-standard","has-post-thumbnail","hentry","category-presse"],"yoast_head":"<!-- This site is optimized with the Yoast SEO plugin v27.4 - https:\/\/yoast.com\/product\/yoast-seo-wordpress\/ -->\n<title>C\u00f4t\u00e9 Mas, la viniculture en terre occitane, interview vid\u00e9o de Midi Libre - Les Domaines Paul Mas<\/title>\n<meta name=\"robots\" content=\"index, follow, max-snippet:-1, max-image-preview:large, max-video-preview:-1\" \/>\n<link rel=\"canonical\" href=\"https:\/\/www.paulmas.com\/presse\/cote-mas-la-viniculture-en-terre-occitane-interview-video-de-midi-libre\/\" \/>\n<meta property=\"og:locale\" content=\"en_US\" \/>\n<meta property=\"og:type\" content=\"article\" \/>\n<meta property=\"og:title\" content=\"C\u00f4t\u00e9 Mas, la viniculture en terre occitane, interview vid\u00e9o de Midi Libre - Les Domaines Paul Mas\" \/>\n<meta property=\"og:description\" content=\"&#8220;Visite des chais, cours de cuisine, balades en quad ou \u00e0 cheval dans le vignoble sont autant d&#8217;occasions originales de d\u00e9guster les cuv\u00e9es embl\u00e9matiques.&#8221;\" \/>\n<meta property=\"og:url\" content=\"https:\/\/www.paulmas.com\/presse\/cote-mas-la-viniculture-en-terre-occitane-interview-video-de-midi-libre\/\" \/>\n<meta property=\"og:site_name\" content=\"Les Domaines Paul Mas\" \/>\n<meta property=\"article:published_time\" content=\"2017-07-31T08:47:46+00:00\" \/>\n<meta property=\"og:image\" content=\"https:\/\/www.paulmas.com\/wp-content\/uploads\/2017\/07\/midilibre.jpg\" \/>\n\t<meta property=\"og:image:width\" content=\"539\" \/>\n\t<meta property=\"og:image:height\" content=\"300\" \/>\n\t<meta property=\"og:image:type\" content=\"image\/jpeg\" \/>\n<meta name=\"author\" content=\"paul mas\" \/>\n<meta name=\"twitter:card\" content=\"summary_large_image\" \/>\n<meta name=\"twitter:label1\" content=\"Written by\" \/>\n\t<meta name=\"twitter:data1\" content=\"paul mas\" \/>\n<script type=\"application\/ld+json\" class=\"yoast-schema-graph\">{\"@context\":\"https:\\\/\\\/schema.org\",\"@graph\":[{\"@type\":\"Article\",\"@id\":\"https:\\\/\\\/www.paulmas.com\\\/presse\\\/cote-mas-la-viniculture-en-terre-occitane-interview-video-de-midi-libre\\\/#article\",\"isPartOf\":{\"@id\":\"https:\\\/\\\/www.paulmas.com\\\/presse\\\/cote-mas-la-viniculture-en-terre-occitane-interview-video-de-midi-libre\\\/\"},\"author\":{\"name\":\"paul mas\",\"@id\":\"https:\\\/\\\/www.paulmas.com\\\/#\\\/schema\\\/person\\\/0255f01754a6d45e52362f3e20f6e032\"},\"headline\":\"C\u00f4t\u00e9 Mas, la viniculture en terre occitane, interview vid\u00e9o de Midi Libre\",\"datePublished\":\"2017-07-31T08:47:46+00:00\",\"mainEntityOfPage\":{\"@id\":\"https:\\\/\\\/www.paulmas.com\\\/presse\\\/cote-mas-la-viniculture-en-terre-occitane-interview-video-de-midi-libre\\\/\"},\"wordCount\":41,\"image\":{\"@id\":\"https:\\\/\\\/www.paulmas.com\\\/presse\\\/cote-mas-la-viniculture-en-terre-occitane-interview-video-de-midi-libre\\\/#primaryimage\"},\"thumbnailUrl\":\"https:\\\/\\\/www.paulmas.com\\\/wp-content\\\/uploads\\\/2017\\\/07\\\/midilibre.jpg\",\"articleSection\":[\"Revue de Presse\"],\"inLanguage\":\"en-US\"},{\"@type\":\"WebPage\",\"@id\":\"https:\\\/\\\/www.paulmas.com\\\/presse\\\/cote-mas-la-viniculture-en-terre-occitane-interview-video-de-midi-libre\\\/\",\"url\":\"https:\\\/\\\/www.paulmas.com\\\/presse\\\/cote-mas-la-viniculture-en-terre-occitane-interview-video-de-midi-libre\\\/\",\"name\":\"C\u00f4t\u00e9 Mas, la viniculture en terre occitane, interview vid\u00e9o de Midi Libre - Les Domaines Paul Mas\",\"isPartOf\":{\"@id\":\"https:\\\/\\\/www.paulmas.com\\\/#website\"},\"primaryImageOfPage\":{\"@id\":\"https:\\\/\\\/www.paulmas.com\\\/presse\\\/cote-mas-la-viniculture-en-terre-occitane-interview-video-de-midi-libre\\\/#primaryimage\"},\"image\":{\"@id\":\"https:\\\/\\\/www.paulmas.com\\\/presse\\\/cote-mas-la-viniculture-en-terre-occitane-interview-video-de-midi-libre\\\/#primaryimage\"},\"thumbnailUrl\":\"https:\\\/\\\/www.paulmas.com\\\/wp-content\\\/uploads\\\/2017\\\/07\\\/midilibre.jpg\",\"datePublished\":\"2017-07-31T08:47:46+00:00\",\"author\":{\"@id\":\"https:\\\/\\\/www.paulmas.com\\\/#\\\/schema\\\/person\\\/0255f01754a6d45e52362f3e20f6e032\"},\"breadcrumb\":{\"@id\":\"https:\\\/\\\/www.paulmas.com\\\/presse\\\/cote-mas-la-viniculture-en-terre-occitane-interview-video-de-midi-libre\\\/#breadcrumb\"},\"inLanguage\":\"en-US\",\"potentialAction\":[{\"@type\":\"ReadAction\",\"target\":[\"https:\\\/\\\/www.paulmas.com\\\/presse\\\/cote-mas-la-viniculture-en-terre-occitane-interview-video-de-midi-libre\\\/\"]}]},{\"@type\":\"ImageObject\",\"inLanguage\":\"en-US\",\"@id\":\"https:\\\/\\\/www.paulmas.com\\\/presse\\\/cote-mas-la-viniculture-en-terre-occitane-interview-video-de-midi-libre\\\/#primaryimage\",\"url\":\"https:\\\/\\\/www.paulmas.com\\\/wp-content\\\/uploads\\\/2017\\\/07\\\/midilibre.jpg\",\"contentUrl\":\"https:\\\/\\\/www.paulmas.com\\\/wp-content\\\/uploads\\\/2017\\\/07\\\/midilibre.jpg\",\"width\":539,\"height\":300},{\"@type\":\"BreadcrumbList\",\"@id\":\"https:\\\/\\\/www.paulmas.com\\\/presse\\\/cote-mas-la-viniculture-en-terre-occitane-interview-video-de-midi-libre\\\/#breadcrumb\",\"itemListElement\":[{\"@type\":\"ListItem\",\"position\":1,\"name\":\"Accueil\",\"item\":\"https:\\\/\\\/www.paulmas.com\\\/en\\\/\"},{\"@type\":\"ListItem\",\"position\":2,\"name\":\"C\u00f4t\u00e9 Mas, la viniculture en terre occitane, interview vid\u00e9o de Midi Libre\"}]},{\"@type\":\"WebSite\",\"@id\":\"https:\\\/\\\/www.paulmas.com\\\/#website\",\"url\":\"https:\\\/\\\/www.paulmas.com\\\/\",\"name\":\"Les Domaines Paul Mas\",\"description\":\"Le luxe rural depuis 1892\",\"potentialAction\":[{\"@type\":\"SearchAction\",\"target\":{\"@type\":\"EntryPoint\",\"urlTemplate\":\"https:\\\/\\\/www.paulmas.com\\\/?s={search_term_string}\"},\"query-input\":{\"@type\":\"PropertyValueSpecification\",\"valueRequired\":true,\"valueName\":\"search_term_string\"}}],\"inLanguage\":\"en-US\"},{\"@type\":\"Person\",\"@id\":\"https:\\\/\\\/www.paulmas.com\\\/#\\\/schema\\\/person\\\/0255f01754a6d45e52362f3e20f6e032\",\"name\":\"paul mas\",\"url\":\"https:\\\/\\\/www.paulmas.com\\\/en\\\/author\\\/paul-mas\\\/\"}]}<\/script>\n<!-- \/ Yoast SEO plugin. -->","yoast_head_json":{"title":"C\u00f4t\u00e9 Mas, la viniculture en terre occitane, interview vid\u00e9o de Midi Libre - Les Domaines Paul Mas","robots":{"index":"index","follow":"follow","max-snippet":"max-snippet:-1","max-image-preview":"max-image-preview:large","max-video-preview":"max-video-preview:-1"},"canonical":"https:\/\/www.paulmas.com\/presse\/cote-mas-la-viniculture-en-terre-occitane-interview-video-de-midi-libre\/","og_locale":"en_US","og_type":"article","og_title":"C\u00f4t\u00e9 Mas, la viniculture en terre occitane, interview vid\u00e9o de Midi Libre - Les Domaines Paul Mas","og_description":"&#8220;Visite des chais, cours de cuisine, balades en quad ou \u00e0 cheval dans le vignoble sont autant d&#8217;occasions originales de d\u00e9guster les cuv\u00e9es embl\u00e9matiques.&#8221;","og_url":"https:\/\/www.paulmas.com\/presse\/cote-mas-la-viniculture-en-terre-occitane-interview-video-de-midi-libre\/","og_site_name":"Les Domaines Paul Mas","article_published_time":"2017-07-31T08:47:46+00:00","og_image":[{"width":539,"height":300,"url":"https:\/\/www.paulmas.com\/wp-content\/uploads\/2017\/07\/midilibre.jpg","type":"image\/jpeg"}],"author":"paul mas","twitter_card":"summary_large_image","twitter_misc":{"Written by":"paul mas"},"schema":{"@context":"https:\/\/schema.org","@graph":[{"@type":"Article","@id":"https:\/\/www.paulmas.com\/presse\/cote-mas-la-viniculture-en-terre-occitane-interview-video-de-midi-libre\/#article","isPartOf":{"@id":"https:\/\/www.paulmas.com\/presse\/cote-mas-la-viniculture-en-terre-occitane-interview-video-de-midi-libre\/"},"author":{"name":"paul mas","@id":"https:\/\/www.paulmas.com\/#\/schema\/person\/0255f01754a6d45e52362f3e20f6e032"},"headline":"C\u00f4t\u00e9 Mas, la viniculture en terre occitane, interview vid\u00e9o de Midi Libre","datePublished":"2017-07-31T08:47:46+00:00","mainEntityOfPage":{"@id":"https:\/\/www.paulmas.com\/presse\/cote-mas-la-viniculture-en-terre-occitane-interview-video-de-midi-libre\/"},"wordCount":41,"image":{"@id":"https:\/\/www.paulmas.com\/presse\/cote-mas-la-viniculture-en-terre-occitane-interview-video-de-midi-libre\/#primaryimage"},"thumbnailUrl":"https:\/\/www.paulmas.com\/wp-content\/uploads\/2017\/07\/midilibre.jpg","articleSection":["Revue de Presse"],"inLanguage":"en-US"},{"@type":"WebPage","@id":"https:\/\/www.paulmas.com\/presse\/cote-mas-la-viniculture-en-terre-occitane-interview-video-de-midi-libre\/","url":"https:\/\/www.paulmas.com\/presse\/cote-mas-la-viniculture-en-terre-occitane-interview-video-de-midi-libre\/","name":"C\u00f4t\u00e9 Mas, la viniculture en terre occitane, interview vid\u00e9o de Midi Libre - Les Domaines Paul Mas","isPartOf":{"@id":"https:\/\/www.paulmas.com\/#website"},"primaryImageOfPage":{"@id":"https:\/\/www.paulmas.com\/presse\/cote-mas-la-viniculture-en-terre-occitane-interview-video-de-midi-libre\/#primaryimage"},"image":{"@id":"https:\/\/www.paulmas.com\/presse\/cote-mas-la-viniculture-en-terre-occitane-interview-video-de-midi-libre\/#primaryimage"},"thumbnailUrl":"https:\/\/www.paulmas.com\/wp-content\/uploads\/2017\/07\/midilibre.jpg","datePublished":"2017-07-31T08:47:46+00:00","author":{"@id":"https:\/\/www.paulmas.com\/#\/schema\/person\/0255f01754a6d45e52362f3e20f6e032"},"breadcrumb":{"@id":"https:\/\/www.paulmas.com\/presse\/cote-mas-la-viniculture-en-terre-occitane-interview-video-de-midi-libre\/#breadcrumb"},"inLanguage":"en-US","potentialAction":[{"@type":"ReadAction","target":["https:\/\/www.paulmas.com\/presse\/cote-mas-la-viniculture-en-terre-occitane-interview-video-de-midi-libre\/"]}]},{"@type":"ImageObject","inLanguage":"en-US","@id":"https:\/\/www.paulmas.com\/presse\/cote-mas-la-viniculture-en-terre-occitane-interview-video-de-midi-libre\/#primaryimage","url":"https:\/\/www.paulmas.com\/wp-content\/uploads\/2017\/07\/midilibre.jpg","contentUrl":"https:\/\/www.paulmas.com\/wp-content\/uploads\/2017\/07\/midilibre.jpg","width":539,"height":300},{"@type":"BreadcrumbList","@id":"https:\/\/www.paulmas.com\/presse\/cote-mas-la-viniculture-en-terre-occitane-interview-video-de-midi-libre\/#breadcrumb","itemListElement":[{"@type":"ListItem","position":1,"name":"Accueil","item":"https:\/\/www.paulmas.com\/en\/"},{"@type":"ListItem","position":2,"name":"C\u00f4t\u00e9 Mas, la viniculture en terre occitane, interview vid\u00e9o de Midi Libre"}]},{"@type":"WebSite","@id":"https:\/\/www.paulmas.com\/#website","url":"https:\/\/www.paulmas.com\/","name":"Les Domaines Paul Mas","description":"Le luxe rural depuis 1892","potentialAction":[{"@type":"SearchAction","target":{"@type":"EntryPoint","urlTemplate":"https:\/\/www.paulmas.com\/?s={search_term_string}"},"query-input":{"@type":"PropertyValueSpecification","valueRequired":true,"valueName":"search_term_string"}}],"inLanguage":"en-US"},{"@type":"Person","@id":"https:\/\/www.paulmas.com\/#\/schema\/person\/0255f01754a6d45e52362f3e20f6e032","name":"paul mas","url":"https:\/\/www.paulmas.com\/en\/author\/paul-mas\/"}]}},"_links":{"self":[{"href":"https:\/\/www.paulmas.com\/en\/wp-json\/wp\/v2\/posts\/2654","targetHints":{"allow":["GET"]}}],"collection":[{"href":"https:\/\/www.paulmas.com\/en\/wp-json\/wp\/v2\/posts"}],"about":[{"href":"https:\/\/www.paulmas.com\/en\/wp-json\/wp\/v2\/types\/post"}],"author":[{"embeddable":true,"href":"https:\/\/www.paulmas.com\/en\/wp-json\/wp\/v2\/users\/2"}],"replies":[{"embeddable":true,"href":"https:\/\/www.paulmas.com\/en\/wp-json\/wp\/v2\/comments?post=2654"}],"version-history":[{"count":2,"href":"https:\/\/www.paulmas.com\/en\/wp-json\/wp\/v2\/posts\/2654\/revisions"}],"predecessor-version":[{"id":2657,"href":"https:\/\/www.paulmas.com\/en\/wp-json\/wp\/v2\/posts\/2654\/revisions\/2657"}],"wp:featuredmedia":[{"embeddable":true,"href":"https:\/\/www.paulmas.com\/en\/wp-json\/wp\/v2\/media\/2656"}],"wp:attachment":[{"href":"https:\/\/www.paulmas.com\/en\/wp-json\/wp\/v2\/media?parent=2654"}],"wp:term":[{"taxonomy":"category","embeddable":true,"href":"https:\/\/www.paulmas.com\/en\/wp-json\/wp\/v2\/categories?post=2654"},{"taxonomy":"post_tag","embeddable":true,"href":"https:\/\/www.paulmas.com\/en\/wp-json\/wp\/v2\/tags?post=2654"}],"curies":[{"name":"wp","href":"https:\/\/api.w.org\/{rel}","templated":true}]}}