{"id":2575,"date":"2017-07-10T08:57:29","date_gmt":"2017-07-10T08:57:29","guid":{"rendered":"https:\/\/paulmas.com\/?p=2575"},"modified":"2017-07-10T08:59:22","modified_gmt":"2017-07-10T08:59:22","slug":"ouverture-de-la-scene-paul-mas-au-festival-les-deferlantes","status":"publish","type":"post","link":"https:\/\/www.paulmas.com\/en\/actualite\/ouverture-de-la-scene-paul-mas-au-festival-les-deferlantes\/","title":{"rendered":"Ouverture de la sc\u00e8ne Paul Mas au Festival Les D\u00e9ferlantes"},"content":{"rendered":"<blockquote class=\"instagram-media\" style=\"background: #FFF; border: 0; border-radius: 3px; box-shadow: 0 0 1px 0 rgba(0,0,0,0.5),0 1px 10px 0 rgba(0,0,0,0.15); margin: 1px; max-width: 658px; padding: 0; width: calc(100% - 2px);\" data-instgrm-captioned=\"\" data-instgrm-version=\"7\">\n<div style=\"padding: 8px;\">\n<div style=\"background: #F8F8F8; line-height: 0; margin-top: 40px; padding: 33.39460784313725% 0; text-align: center; width: 100%;\"><\/div>\n<p style=\"margin: 8px 0 0 0; padding: 0 4px;\"><a style=\"color: #000; font-family: Arial,sans-serif; font-size: 14px; font-style: normal; font-weight: normal; line-height: 17px; text-decoration: none; word-wrap: break-word;\" href=\"https:\/\/www.instagram.com\/p\/BWVgV6AgPhF\/\" target=\"_blank\" rel=\"noopener\">@iamrationale ouvre sur la Sc\u00e8ne Paul Mas avec sa voix gracieuse et envo\u00fbtante ! #D\u00e9ferlantes17 #les10ans \u00a9 @odieuxboby<\/a><\/p>\n<p style=\"color: #c9c8cd; font-family: Arial,sans-serif; font-size: 14px; line-height: 17px; margin-bottom: 0; margin-top: 8px; overflow: hidden; padding: 8px 0 7px; text-align: center; text-overflow: ellipsis; white-space: nowrap;\">Une publication partag\u00e9e par Les D\u00e9ferlantes (@lesdeferlantes) le <time style=\"font-family: Arial,sans-serif; font-size: 14px; line-height: 17px;\" datetime=\"2017-07-09T18:33:35+00:00\">9 Juil. 2017 \u00e0 11h33 PDT<\/time><\/p>\n<\/div>\n<\/blockquote>\n<p><script async defer src=\"\/\/platform.instagram.com\/en_US\/embeds.js\"><\/script><\/p>\n<blockquote class=\"instagram-media\" data-instgrm-captioned data-instgrm-version=\"7\" style=\" background:#FFF; border:0; border-radius:3px; box-shadow:0 0 1px 0 rgba(0,0,0,0.5),0 1px 10px 0 rgba(0,0,0,0.15); margin: 1px; max-width:658px; padding:0; width:99.375%; width:-webkit-calc(100% - 2px); width:calc(100% - 2px);\">\n<div style=\"padding:8px;\">\n<div style=\" background:#F8F8F8; line-height:0; margin-top:40px; padding:33.32317073170732% 0; text-align:center; width:100%;\">\n<div style=\" background:url(data:image\/png;base64,iVBORw0KGgoAAAANSUhEUgAAACwAAAAsCAMAAAApWqozAAAABGdBTUEAALGPC\/xhBQAAAAFzUkdCAK7OHOkAAAAMUExURczMzPf399fX1+bm5mzY9AMAAADiSURBVDjLvZXbEsMgCES5\/P8\/t9FuRVCRmU73JWlzosgSIIZURCjo\/ad+EQJJB4Hv8BFt+IDpQoCx1wjOSBFhh2XssxEIYn3ulI\/6MNReE07UIWJEv8UEOWDS88LY97kqyTliJKKtuYBbruAyVh5wOHiXmpi5we58Ek028czwyuQdLKPG1Bkb4NnM+VeAnfHqn1k4+GPT6uGQcvu2h2OVuIf\/gWUFyy8OWEpdyZSa3aVCqpVoVvzZZ2VTnn2wU8qzVjDDetO90GSy9mVLqtgYSy231MxrY6I2gGqjrTY0L8fxCxfCBbhWrsYYAAAAAElFTkSuQmCC); display:block; height:44px; margin:0 auto -44px; position:relative; top:-22px; width:44px;\"><\/div>\n<\/div>\n<p style=\" margin:8px 0 0 0; padding:0 4px;\"> <a href=\"https:\/\/www.instagram.com\/p\/BWTpL7uABRy\/\" style=\" color:#000; font-family:Arial,sans-serif; font-size:14px; font-style:normal; font-weight:normal; line-height:17px; text-decoration:none; word-wrap:break-word;\" target=\"_blank\">On se retrouve demain avec Sting, Midnight Oil, Birdy, LP, Rationale, Last Train, Ludwig von 88 et bien d&#39;autres ! \u270c Rentrez bien et on vous attend demain toujours plus en forme !\u00a0 #D\u00e9ferlantes17 #les10ans \u00a9 @atelier_garnements<\/a><\/p>\n<p style=\" color:#c9c8cd; font-family:Arial,sans-serif; font-size:14px; line-height:17px; margin-bottom:0; margin-top:8px; overflow:hidden; padding:8px 0 7px; text-align:center; text-overflow:ellipsis; white-space:nowrap;\">Une publication partag\u00e9e par Les D\u00e9ferlantes (@lesdeferlantes) le <time style=\" font-family:Arial,sans-serif; font-size:14px; line-height:17px;\" datetime=\"2017-07-09T01:12:23+00:00\">8 Juil. 2017 \u00e0 18h12 PDT<\/time><\/p>\n<\/div>\n<\/blockquote>\n<p><script async defer src=\"\/\/platform.instagram.com\/en_US\/embeds.js\"><\/script><\/p>\n<blockquote class=\"instagram-media\" data-instgrm-captioned data-instgrm-version=\"7\" style=\" background:#FFF; border:0; border-radius:3px; box-shadow:0 0 1px 0 rgba(0,0,0,0.5),0 1px 10px 0 rgba(0,0,0,0.15); margin: 1px; max-width:658px; padding:0; width:99.375%; width:-webkit-calc(100% - 2px); width:calc(100% - 2px);\">\n<div style=\"padding:8px;\">\n<div style=\" background:#F8F8F8; line-height:0; margin-top:40px; padding:62.370466321243526% 0; text-align:center; width:100%;\">\n<div style=\" background:url(data:image\/png;base64,iVBORw0KGgoAAAANSUhEUgAAACwAAAAsCAMAAAApWqozAAAABGdBTUEAALGPC\/xhBQAAAAFzUkdCAK7OHOkAAAAMUExURczMzPf399fX1+bm5mzY9AMAAADiSURBVDjLvZXbEsMgCES5\/P8\/t9FuRVCRmU73JWlzosgSIIZURCjo\/ad+EQJJB4Hv8BFt+IDpQoCx1wjOSBFhh2XssxEIYn3ulI\/6MNReE07UIWJEv8UEOWDS88LY97kqyTliJKKtuYBbruAyVh5wOHiXmpi5we58Ek028czwyuQdLKPG1Bkb4NnM+VeAnfHqn1k4+GPT6uGQcvu2h2OVuIf\/gWUFyy8OWEpdyZSa3aVCqpVoVvzZZ2VTnn2wU8qzVjDDetO90GSy9mVLqtgYSy231MxrY6I2gGqjrTY0L8fxCxfCBbhWrsYYAAAAAElFTkSuQmCC); display:block; height:44px; margin:0 auto -44px; position:relative; top:-22px; width:44px;\"><\/div>\n<\/div>\n<p style=\" margin:8px 0 0 0; padding:0 4px;\"> <a href=\"https:\/\/www.instagram.com\/p\/BWTLoN1gvHq\/\" style=\" color:#000; font-family:Arial,sans-serif; font-size:14px; font-style:normal; font-weight:normal; line-height:17px; text-decoration:none; word-wrap:break-word;\" target=\"_blank\">Le mythique Renaud a enchain\u00e9 ses tubes intemporels !\u00a0Magie assur\u00e9e !  @odieuxboby  #D\u00e9ferlantes17 #les10ans #toujoursdebout<\/a><\/p>\n<p style=\" color:#c9c8cd; font-family:Arial,sans-serif; font-size:14px; line-height:17px; margin-bottom:0; margin-top:8px; overflow:hidden; padding:8px 0 7px; text-align:center; text-overflow:ellipsis; white-space:nowrap;\">Une publication partag\u00e9e par Les D\u00e9ferlantes (@lesdeferlantes) le <time style=\" font-family:Arial,sans-serif; font-size:14px; line-height:17px;\" datetime=\"2017-07-08T20:54:06+00:00\">8 Juil. 2017 \u00e0 13h54 PDT<\/time><\/p>\n<\/div>\n<\/blockquote>\n<p><script async defer src=\"\/\/platform.instagram.com\/en_US\/embeds.js\"><\/script><\/p>\n","protected":false},"excerpt":{"rendered":"<p>@iamrationale ouvre sur la Sc\u00e8ne Paul Mas avec sa voix gracieuse et envo\u00fbtante ! #D\u00e9ferlantes17 #les10ans \u00a9 @odieuxboby Une publication partag\u00e9e par Les D\u00e9ferlantes (@lesdeferlantes) le 9 Juil. 2017 \u00e0 11h33 PDT On se retrouve demain avec Sting, Midnight Oil, Birdy, LP, Rationale, Last Train, Ludwig von 88 et bien d&#39;autres ! \u270c Rentrez bien [&hellip;]<\/p>\n","protected":false},"author":2,"featured_media":2576,"comment_status":"closed","ping_status":"open","sticky":false,"template":"","format":"standard","meta":{"_et_pb_use_builder":"","_et_pb_old_content":"","_et_gb_content_width":"","footnotes":""},"categories":[6],"tags":[],"class_list":["post-2575","post","type-post","status-publish","format-standard","has-post-thumbnail","hentry","category-actualite"],"yoast_head":"<!-- This site is optimized with the Yoast SEO plugin v27.4 - https:\/\/yoast.com\/product\/yoast-seo-wordpress\/ -->\n<title>Ouverture de la sc\u00e8ne Paul Mas au Festival Les D\u00e9ferlantes - Les Domaines Paul Mas<\/title>\n<meta name=\"robots\" content=\"index, follow, max-snippet:-1, max-image-preview:large, max-video-preview:-1\" \/>\n<link rel=\"canonical\" href=\"https:\/\/www.paulmas.com\/actualite\/ouverture-de-la-scene-paul-mas-au-festival-les-deferlantes\/\" \/>\n<meta property=\"og:locale\" content=\"en_US\" \/>\n<meta property=\"og:type\" content=\"article\" \/>\n<meta property=\"og:title\" content=\"Ouverture de la sc\u00e8ne Paul Mas au Festival Les D\u00e9ferlantes - Les Domaines Paul Mas\" \/>\n<meta property=\"og:description\" content=\"@iamrationale ouvre sur la Sc\u00e8ne Paul Mas avec sa voix gracieuse et envo\u00fbtante ! #D\u00e9ferlantes17 #les10ans \u00a9 @odieuxboby Une publication partag\u00e9e par Les D\u00e9ferlantes (@lesdeferlantes) le 9 Juil. 2017 \u00e0 11h33 PDT On se retrouve demain avec Sting, Midnight Oil, Birdy, LP, Rationale, Last Train, Ludwig von 88 et bien d&#039;autres ! \u270c Rentrez bien [&hellip;]\" \/>\n<meta property=\"og:url\" content=\"https:\/\/www.paulmas.com\/actualite\/ouverture-de-la-scene-paul-mas-au-festival-les-deferlantes\/\" \/>\n<meta property=\"og:site_name\" content=\"Les Domaines Paul Mas\" \/>\n<meta property=\"article:published_time\" content=\"2017-07-10T08:57:29+00:00\" \/>\n<meta property=\"article:modified_time\" content=\"2017-07-10T08:59:22+00:00\" \/>\n<meta property=\"og:image\" content=\"https:\/\/www.paulmas.com\/wp-content\/uploads\/2017\/07\/scene-paul-mas.jpg\" \/>\n\t<meta property=\"og:image:width\" content=\"598\" \/>\n\t<meta property=\"og:image:height\" content=\"399\" \/>\n\t<meta property=\"og:image:type\" content=\"image\/jpeg\" \/>\n<meta name=\"author\" content=\"paul mas\" \/>\n<meta name=\"twitter:card\" content=\"summary_large_image\" \/>\n<meta name=\"twitter:label1\" content=\"Written by\" \/>\n\t<meta name=\"twitter:data1\" content=\"paul mas\" \/>\n\t<meta name=\"twitter:label2\" content=\"Est. reading time\" \/>\n\t<meta name=\"twitter:data2\" content=\"1 minute\" \/>\n<script type=\"application\/ld+json\" class=\"yoast-schema-graph\">{\"@context\":\"https:\\\/\\\/schema.org\",\"@graph\":[{\"@type\":\"Article\",\"@id\":\"https:\\\/\\\/www.paulmas.com\\\/actualite\\\/ouverture-de-la-scene-paul-mas-au-festival-les-deferlantes\\\/#article\",\"isPartOf\":{\"@id\":\"https:\\\/\\\/www.paulmas.com\\\/actualite\\\/ouverture-de-la-scene-paul-mas-au-festival-les-deferlantes\\\/\"},\"author\":{\"name\":\"paul mas\",\"@id\":\"https:\\\/\\\/www.paulmas.com\\\/#\\\/schema\\\/person\\\/0255f01754a6d45e52362f3e20f6e032\"},\"headline\":\"Ouverture de la sc\u00e8ne Paul Mas au Festival Les D\u00e9ferlantes\",\"datePublished\":\"2017-07-10T08:57:29+00:00\",\"dateModified\":\"2017-07-10T08:59:22+00:00\",\"mainEntityOfPage\":{\"@id\":\"https:\\\/\\\/www.paulmas.com\\\/actualite\\\/ouverture-de-la-scene-paul-mas-au-festival-les-deferlantes\\\/\"},\"wordCount\":124,\"image\":{\"@id\":\"https:\\\/\\\/www.paulmas.com\\\/actualite\\\/ouverture-de-la-scene-paul-mas-au-festival-les-deferlantes\\\/#primaryimage\"},\"thumbnailUrl\":\"https:\\\/\\\/www.paulmas.com\\\/wp-content\\\/uploads\\\/2017\\\/07\\\/scene-paul-mas.jpg\",\"articleSection\":[\"Actualit\u00e9\"],\"inLanguage\":\"en-US\"},{\"@type\":\"WebPage\",\"@id\":\"https:\\\/\\\/www.paulmas.com\\\/actualite\\\/ouverture-de-la-scene-paul-mas-au-festival-les-deferlantes\\\/\",\"url\":\"https:\\\/\\\/www.paulmas.com\\\/actualite\\\/ouverture-de-la-scene-paul-mas-au-festival-les-deferlantes\\\/\",\"name\":\"Ouverture de la sc\u00e8ne Paul Mas au Festival Les D\u00e9ferlantes - Les Domaines Paul Mas\",\"isPartOf\":{\"@id\":\"https:\\\/\\\/www.paulmas.com\\\/#website\"},\"primaryImageOfPage\":{\"@id\":\"https:\\\/\\\/www.paulmas.com\\\/actualite\\\/ouverture-de-la-scene-paul-mas-au-festival-les-deferlantes\\\/#primaryimage\"},\"image\":{\"@id\":\"https:\\\/\\\/www.paulmas.com\\\/actualite\\\/ouverture-de-la-scene-paul-mas-au-festival-les-deferlantes\\\/#primaryimage\"},\"thumbnailUrl\":\"https:\\\/\\\/www.paulmas.com\\\/wp-content\\\/uploads\\\/2017\\\/07\\\/scene-paul-mas.jpg\",\"datePublished\":\"2017-07-10T08:57:29+00:00\",\"dateModified\":\"2017-07-10T08:59:22+00:00\",\"author\":{\"@id\":\"https:\\\/\\\/www.paulmas.com\\\/#\\\/schema\\\/person\\\/0255f01754a6d45e52362f3e20f6e032\"},\"breadcrumb\":{\"@id\":\"https:\\\/\\\/www.paulmas.com\\\/actualite\\\/ouverture-de-la-scene-paul-mas-au-festival-les-deferlantes\\\/#breadcrumb\"},\"inLanguage\":\"en-US\",\"potentialAction\":[{\"@type\":\"ReadAction\",\"target\":[\"https:\\\/\\\/www.paulmas.com\\\/actualite\\\/ouverture-de-la-scene-paul-mas-au-festival-les-deferlantes\\\/\"]}]},{\"@type\":\"ImageObject\",\"inLanguage\":\"en-US\",\"@id\":\"https:\\\/\\\/www.paulmas.com\\\/actualite\\\/ouverture-de-la-scene-paul-mas-au-festival-les-deferlantes\\\/#primaryimage\",\"url\":\"https:\\\/\\\/www.paulmas.com\\\/wp-content\\\/uploads\\\/2017\\\/07\\\/scene-paul-mas.jpg\",\"contentUrl\":\"https:\\\/\\\/www.paulmas.com\\\/wp-content\\\/uploads\\\/2017\\\/07\\\/scene-paul-mas.jpg\",\"width\":598,\"height\":399},{\"@type\":\"BreadcrumbList\",\"@id\":\"https:\\\/\\\/www.paulmas.com\\\/actualite\\\/ouverture-de-la-scene-paul-mas-au-festival-les-deferlantes\\\/#breadcrumb\",\"itemListElement\":[{\"@type\":\"ListItem\",\"position\":1,\"name\":\"Accueil\",\"item\":\"https:\\\/\\\/www.paulmas.com\\\/en\\\/\"},{\"@type\":\"ListItem\",\"position\":2,\"name\":\"Ouverture de la sc\u00e8ne Paul Mas au Festival Les D\u00e9ferlantes\"}]},{\"@type\":\"WebSite\",\"@id\":\"https:\\\/\\\/www.paulmas.com\\\/#website\",\"url\":\"https:\\\/\\\/www.paulmas.com\\\/\",\"name\":\"Les Domaines Paul Mas\",\"description\":\"Le luxe rural depuis 1892\",\"potentialAction\":[{\"@type\":\"SearchAction\",\"target\":{\"@type\":\"EntryPoint\",\"urlTemplate\":\"https:\\\/\\\/www.paulmas.com\\\/?s={search_term_string}\"},\"query-input\":{\"@type\":\"PropertyValueSpecification\",\"valueRequired\":true,\"valueName\":\"search_term_string\"}}],\"inLanguage\":\"en-US\"},{\"@type\":\"Person\",\"@id\":\"https:\\\/\\\/www.paulmas.com\\\/#\\\/schema\\\/person\\\/0255f01754a6d45e52362f3e20f6e032\",\"name\":\"paul mas\",\"url\":\"https:\\\/\\\/www.paulmas.com\\\/en\\\/author\\\/paul-mas\\\/\"}]}<\/script>\n<!-- \/ Yoast SEO plugin. -->","yoast_head_json":{"title":"Ouverture de la sc\u00e8ne Paul Mas au Festival Les D\u00e9ferlantes - Les Domaines Paul Mas","robots":{"index":"index","follow":"follow","max-snippet":"max-snippet:-1","max-image-preview":"max-image-preview:large","max-video-preview":"max-video-preview:-1"},"canonical":"https:\/\/www.paulmas.com\/actualite\/ouverture-de-la-scene-paul-mas-au-festival-les-deferlantes\/","og_locale":"en_US","og_type":"article","og_title":"Ouverture de la sc\u00e8ne Paul Mas au Festival Les D\u00e9ferlantes - Les Domaines Paul Mas","og_description":"@iamrationale ouvre sur la Sc\u00e8ne Paul Mas avec sa voix gracieuse et envo\u00fbtante ! #D\u00e9ferlantes17 #les10ans \u00a9 @odieuxboby Une publication partag\u00e9e par Les D\u00e9ferlantes (@lesdeferlantes) le 9 Juil. 2017 \u00e0 11h33 PDT On se retrouve demain avec Sting, Midnight Oil, Birdy, LP, Rationale, Last Train, Ludwig von 88 et bien d&#39;autres ! \u270c Rentrez bien [&hellip;]","og_url":"https:\/\/www.paulmas.com\/actualite\/ouverture-de-la-scene-paul-mas-au-festival-les-deferlantes\/","og_site_name":"Les Domaines Paul Mas","article_published_time":"2017-07-10T08:57:29+00:00","article_modified_time":"2017-07-10T08:59:22+00:00","og_image":[{"width":598,"height":399,"url":"https:\/\/www.paulmas.com\/wp-content\/uploads\/2017\/07\/scene-paul-mas.jpg","type":"image\/jpeg"}],"author":"paul mas","twitter_card":"summary_large_image","twitter_misc":{"Written by":"paul mas","Est. reading time":"1 minute"},"schema":{"@context":"https:\/\/schema.org","@graph":[{"@type":"Article","@id":"https:\/\/www.paulmas.com\/actualite\/ouverture-de-la-scene-paul-mas-au-festival-les-deferlantes\/#article","isPartOf":{"@id":"https:\/\/www.paulmas.com\/actualite\/ouverture-de-la-scene-paul-mas-au-festival-les-deferlantes\/"},"author":{"name":"paul mas","@id":"https:\/\/www.paulmas.com\/#\/schema\/person\/0255f01754a6d45e52362f3e20f6e032"},"headline":"Ouverture de la sc\u00e8ne Paul Mas au Festival Les D\u00e9ferlantes","datePublished":"2017-07-10T08:57:29+00:00","dateModified":"2017-07-10T08:59:22+00:00","mainEntityOfPage":{"@id":"https:\/\/www.paulmas.com\/actualite\/ouverture-de-la-scene-paul-mas-au-festival-les-deferlantes\/"},"wordCount":124,"image":{"@id":"https:\/\/www.paulmas.com\/actualite\/ouverture-de-la-scene-paul-mas-au-festival-les-deferlantes\/#primaryimage"},"thumbnailUrl":"https:\/\/www.paulmas.com\/wp-content\/uploads\/2017\/07\/scene-paul-mas.jpg","articleSection":["Actualit\u00e9"],"inLanguage":"en-US"},{"@type":"WebPage","@id":"https:\/\/www.paulmas.com\/actualite\/ouverture-de-la-scene-paul-mas-au-festival-les-deferlantes\/","url":"https:\/\/www.paulmas.com\/actualite\/ouverture-de-la-scene-paul-mas-au-festival-les-deferlantes\/","name":"Ouverture de la sc\u00e8ne Paul Mas au Festival Les D\u00e9ferlantes - Les Domaines Paul Mas","isPartOf":{"@id":"https:\/\/www.paulmas.com\/#website"},"primaryImageOfPage":{"@id":"https:\/\/www.paulmas.com\/actualite\/ouverture-de-la-scene-paul-mas-au-festival-les-deferlantes\/#primaryimage"},"image":{"@id":"https:\/\/www.paulmas.com\/actualite\/ouverture-de-la-scene-paul-mas-au-festival-les-deferlantes\/#primaryimage"},"thumbnailUrl":"https:\/\/www.paulmas.com\/wp-content\/uploads\/2017\/07\/scene-paul-mas.jpg","datePublished":"2017-07-10T08:57:29+00:00","dateModified":"2017-07-10T08:59:22+00:00","author":{"@id":"https:\/\/www.paulmas.com\/#\/schema\/person\/0255f01754a6d45e52362f3e20f6e032"},"breadcrumb":{"@id":"https:\/\/www.paulmas.com\/actualite\/ouverture-de-la-scene-paul-mas-au-festival-les-deferlantes\/#breadcrumb"},"inLanguage":"en-US","potentialAction":[{"@type":"ReadAction","target":["https:\/\/www.paulmas.com\/actualite\/ouverture-de-la-scene-paul-mas-au-festival-les-deferlantes\/"]}]},{"@type":"ImageObject","inLanguage":"en-US","@id":"https:\/\/www.paulmas.com\/actualite\/ouverture-de-la-scene-paul-mas-au-festival-les-deferlantes\/#primaryimage","url":"https:\/\/www.paulmas.com\/wp-content\/uploads\/2017\/07\/scene-paul-mas.jpg","contentUrl":"https:\/\/www.paulmas.com\/wp-content\/uploads\/2017\/07\/scene-paul-mas.jpg","width":598,"height":399},{"@type":"BreadcrumbList","@id":"https:\/\/www.paulmas.com\/actualite\/ouverture-de-la-scene-paul-mas-au-festival-les-deferlantes\/#breadcrumb","itemListElement":[{"@type":"ListItem","position":1,"name":"Accueil","item":"https:\/\/www.paulmas.com\/en\/"},{"@type":"ListItem","position":2,"name":"Ouverture de la sc\u00e8ne Paul Mas au Festival Les D\u00e9ferlantes"}]},{"@type":"WebSite","@id":"https:\/\/www.paulmas.com\/#website","url":"https:\/\/www.paulmas.com\/","name":"Les Domaines Paul Mas","description":"Le luxe rural depuis 1892","potentialAction":[{"@type":"SearchAction","target":{"@type":"EntryPoint","urlTemplate":"https:\/\/www.paulmas.com\/?s={search_term_string}"},"query-input":{"@type":"PropertyValueSpecification","valueRequired":true,"valueName":"search_term_string"}}],"inLanguage":"en-US"},{"@type":"Person","@id":"https:\/\/www.paulmas.com\/#\/schema\/person\/0255f01754a6d45e52362f3e20f6e032","name":"paul mas","url":"https:\/\/www.paulmas.com\/en\/author\/paul-mas\/"}]}},"_links":{"self":[{"href":"https:\/\/www.paulmas.com\/en\/wp-json\/wp\/v2\/posts\/2575","targetHints":{"allow":["GET"]}}],"collection":[{"href":"https:\/\/www.paulmas.com\/en\/wp-json\/wp\/v2\/posts"}],"about":[{"href":"https:\/\/www.paulmas.com\/en\/wp-json\/wp\/v2\/types\/post"}],"author":[{"embeddable":true,"href":"https:\/\/www.paulmas.com\/en\/wp-json\/wp\/v2\/users\/2"}],"replies":[{"embeddable":true,"href":"https:\/\/www.paulmas.com\/en\/wp-json\/wp\/v2\/comments?post=2575"}],"version-history":[{"count":2,"href":"https:\/\/www.paulmas.com\/en\/wp-json\/wp\/v2\/posts\/2575\/revisions"}],"predecessor-version":[{"id":2578,"href":"https:\/\/www.paulmas.com\/en\/wp-json\/wp\/v2\/posts\/2575\/revisions\/2578"}],"wp:featuredmedia":[{"embeddable":true,"href":"https:\/\/www.paulmas.com\/en\/wp-json\/wp\/v2\/media\/2576"}],"wp:attachment":[{"href":"https:\/\/www.paulmas.com\/en\/wp-json\/wp\/v2\/media?parent=2575"}],"wp:term":[{"taxonomy":"category","embeddable":true,"href":"https:\/\/www.paulmas.com\/en\/wp-json\/wp\/v2\/categories?post=2575"},{"taxonomy":"post_tag","embeddable":true,"href":"https:\/\/www.paulmas.com\/en\/wp-json\/wp\/v2\/tags?post=2575"}],"curies":[{"name":"wp","href":"https:\/\/api.w.org\/{rel}","templated":true}]}}