{"id":2570,"date":"2017-07-05T10:15:44","date_gmt":"2017-07-05T10:15:44","guid":{"rendered":"https:\/\/paulmas.com\/?p=2570"},"modified":"2017-07-05T10:15:44","modified_gmt":"2017-07-05T10:15:44","slug":"le-programme-des-deferlantes-2017-en-video","status":"publish","type":"post","link":"https:\/\/www.paulmas.com\/en\/actualite\/le-programme-des-deferlantes-2017-en-video\/","title":{"rendered":"Le programme des D\u00e9ferlantes 2017 en vid\u00e9o"},"content":{"rendered":"<p>D\u00e9couvrez\u00a0une programmation de folie ! Voil\u00e0 en images ce qui vous attend du 8 au 11 juillet \u00e0\u00a0Argel\u00e8s-sur-Mer\u00a0<img loading=\"lazy\" decoding=\"async\" class=\"img\" role=\"presentation\" src=\"https:\/\/static.xx.fbcdn.net\/images\/emoji.php\/v9\/fec\/1\/16\/1f334.png\" alt=\"\" width=\"16\" height=\"16\" \/><span class=\"_5mfr _47e3\"><span class=\"_7oe\">&#x1f334;<\/span><\/span><\/p>\n<p><iframe loading=\"lazy\" src=\"https:\/\/www.youtube.com\/embed\/eJ4B1StMe7U?rel=0\" width=\"853\" height=\"480\" frameborder=\"0\" allowfullscreen=\"allowfullscreen\"><\/iframe><\/p>\n","protected":false},"excerpt":{"rendered":"<p>D\u00e9couvrez\u00a0une programmation de folie ! Voil\u00e0 en images ce qui vous attend du 8 au 11 juillet \u00e0\u00a0Argel\u00e8s-sur-Mer\u00a0&#x1f334;<\/p>\n","protected":false},"author":2,"featured_media":2571,"comment_status":"closed","ping_status":"open","sticky":false,"template":"","format":"standard","meta":{"_et_pb_use_builder":"","_et_pb_old_content":"","_et_gb_content_width":"","footnotes":""},"categories":[6],"tags":[],"class_list":["post-2570","post","type-post","status-publish","format-standard","has-post-thumbnail","hentry","category-actualite"],"yoast_head":"<!-- This site is optimized with the Yoast SEO plugin v27.4 - https:\/\/yoast.com\/product\/yoast-seo-wordpress\/ -->\n<title>Le programme des D\u00e9ferlantes 2017 en vid\u00e9o - Les Domaines Paul Mas<\/title>\n<meta name=\"robots\" content=\"index, follow, max-snippet:-1, max-image-preview:large, max-video-preview:-1\" \/>\n<link rel=\"canonical\" href=\"https:\/\/www.paulmas.com\/actualite\/le-programme-des-deferlantes-2017-en-video\/\" \/>\n<meta property=\"og:locale\" content=\"en_US\" \/>\n<meta property=\"og:type\" content=\"article\" \/>\n<meta property=\"og:title\" content=\"Le programme des D\u00e9ferlantes 2017 en vid\u00e9o - Les Domaines Paul Mas\" \/>\n<meta property=\"og:description\" content=\"D\u00e9couvrez\u00a0une programmation de folie ! Voil\u00e0 en images ce qui vous attend du 8 au 11 juillet \u00e0\u00a0Argel\u00e8s-sur-Mer\u00a0&#x1f334;\" \/>\n<meta property=\"og:url\" content=\"https:\/\/www.paulmas.com\/actualite\/le-programme-des-deferlantes-2017-en-video\/\" \/>\n<meta property=\"og:site_name\" content=\"Les Domaines Paul Mas\" \/>\n<meta property=\"article:published_time\" content=\"2017-07-05T10:15:44+00:00\" \/>\n<meta property=\"og:image\" content=\"https:\/\/www.paulmas.com\/wp-content\/uploads\/2017\/07\/deferlantes-video-programme.jpg\" \/>\n\t<meta property=\"og:image:width\" content=\"846\" \/>\n\t<meta property=\"og:image:height\" content=\"478\" \/>\n\t<meta property=\"og:image:type\" content=\"image\/jpeg\" \/>\n<meta name=\"author\" content=\"paul mas\" \/>\n<meta name=\"twitter:card\" content=\"summary_large_image\" \/>\n<meta name=\"twitter:label1\" content=\"Written by\" \/>\n\t<meta name=\"twitter:data1\" content=\"paul mas\" \/>\n<script type=\"application\/ld+json\" class=\"yoast-schema-graph\">{\"@context\":\"https:\\\/\\\/schema.org\",\"@graph\":[{\"@type\":\"Article\",\"@id\":\"https:\\\/\\\/www.paulmas.com\\\/actualite\\\/le-programme-des-deferlantes-2017-en-video\\\/#article\",\"isPartOf\":{\"@id\":\"https:\\\/\\\/www.paulmas.com\\\/actualite\\\/le-programme-des-deferlantes-2017-en-video\\\/\"},\"author\":{\"name\":\"paul mas\",\"@id\":\"https:\\\/\\\/www.paulmas.com\\\/#\\\/schema\\\/person\\\/0255f01754a6d45e52362f3e20f6e032\"},\"headline\":\"Le programme des D\u00e9ferlantes 2017 en vid\u00e9o\",\"datePublished\":\"2017-07-05T10:15:44+00:00\",\"mainEntityOfPage\":{\"@id\":\"https:\\\/\\\/www.paulmas.com\\\/actualite\\\/le-programme-des-deferlantes-2017-en-video\\\/\"},\"wordCount\":28,\"image\":{\"@id\":\"https:\\\/\\\/www.paulmas.com\\\/actualite\\\/le-programme-des-deferlantes-2017-en-video\\\/#primaryimage\"},\"thumbnailUrl\":\"https:\\\/\\\/www.paulmas.com\\\/wp-content\\\/uploads\\\/2017\\\/07\\\/deferlantes-video-programme.jpg\",\"articleSection\":[\"Actualit\u00e9\"],\"inLanguage\":\"en-US\"},{\"@type\":\"WebPage\",\"@id\":\"https:\\\/\\\/www.paulmas.com\\\/actualite\\\/le-programme-des-deferlantes-2017-en-video\\\/\",\"url\":\"https:\\\/\\\/www.paulmas.com\\\/actualite\\\/le-programme-des-deferlantes-2017-en-video\\\/\",\"name\":\"Le programme des D\u00e9ferlantes 2017 en vid\u00e9o - Les Domaines Paul Mas\",\"isPartOf\":{\"@id\":\"https:\\\/\\\/www.paulmas.com\\\/#website\"},\"primaryImageOfPage\":{\"@id\":\"https:\\\/\\\/www.paulmas.com\\\/actualite\\\/le-programme-des-deferlantes-2017-en-video\\\/#primaryimage\"},\"image\":{\"@id\":\"https:\\\/\\\/www.paulmas.com\\\/actualite\\\/le-programme-des-deferlantes-2017-en-video\\\/#primaryimage\"},\"thumbnailUrl\":\"https:\\\/\\\/www.paulmas.com\\\/wp-content\\\/uploads\\\/2017\\\/07\\\/deferlantes-video-programme.jpg\",\"datePublished\":\"2017-07-05T10:15:44+00:00\",\"author\":{\"@id\":\"https:\\\/\\\/www.paulmas.com\\\/#\\\/schema\\\/person\\\/0255f01754a6d45e52362f3e20f6e032\"},\"breadcrumb\":{\"@id\":\"https:\\\/\\\/www.paulmas.com\\\/actualite\\\/le-programme-des-deferlantes-2017-en-video\\\/#breadcrumb\"},\"inLanguage\":\"en-US\",\"potentialAction\":[{\"@type\":\"ReadAction\",\"target\":[\"https:\\\/\\\/www.paulmas.com\\\/actualite\\\/le-programme-des-deferlantes-2017-en-video\\\/\"]}]},{\"@type\":\"ImageObject\",\"inLanguage\":\"en-US\",\"@id\":\"https:\\\/\\\/www.paulmas.com\\\/actualite\\\/le-programme-des-deferlantes-2017-en-video\\\/#primaryimage\",\"url\":\"https:\\\/\\\/www.paulmas.com\\\/wp-content\\\/uploads\\\/2017\\\/07\\\/deferlantes-video-programme.jpg\",\"contentUrl\":\"https:\\\/\\\/www.paulmas.com\\\/wp-content\\\/uploads\\\/2017\\\/07\\\/deferlantes-video-programme.jpg\",\"width\":846,\"height\":478,\"caption\":\"festivale les deferlantes argeles\"},{\"@type\":\"BreadcrumbList\",\"@id\":\"https:\\\/\\\/www.paulmas.com\\\/actualite\\\/le-programme-des-deferlantes-2017-en-video\\\/#breadcrumb\",\"itemListElement\":[{\"@type\":\"ListItem\",\"position\":1,\"name\":\"Accueil\",\"item\":\"https:\\\/\\\/www.paulmas.com\\\/en\\\/\"},{\"@type\":\"ListItem\",\"position\":2,\"name\":\"Le programme des D\u00e9ferlantes 2017 en vid\u00e9o\"}]},{\"@type\":\"WebSite\",\"@id\":\"https:\\\/\\\/www.paulmas.com\\\/#website\",\"url\":\"https:\\\/\\\/www.paulmas.com\\\/\",\"name\":\"Les Domaines Paul Mas\",\"description\":\"Le luxe rural depuis 1892\",\"potentialAction\":[{\"@type\":\"SearchAction\",\"target\":{\"@type\":\"EntryPoint\",\"urlTemplate\":\"https:\\\/\\\/www.paulmas.com\\\/?s={search_term_string}\"},\"query-input\":{\"@type\":\"PropertyValueSpecification\",\"valueRequired\":true,\"valueName\":\"search_term_string\"}}],\"inLanguage\":\"en-US\"},{\"@type\":\"Person\",\"@id\":\"https:\\\/\\\/www.paulmas.com\\\/#\\\/schema\\\/person\\\/0255f01754a6d45e52362f3e20f6e032\",\"name\":\"paul mas\",\"url\":\"https:\\\/\\\/www.paulmas.com\\\/en\\\/author\\\/paul-mas\\\/\"}]}<\/script>\n<!-- \/ Yoast SEO plugin. -->","yoast_head_json":{"title":"Le programme des D\u00e9ferlantes 2017 en vid\u00e9o - Les Domaines Paul Mas","robots":{"index":"index","follow":"follow","max-snippet":"max-snippet:-1","max-image-preview":"max-image-preview:large","max-video-preview":"max-video-preview:-1"},"canonical":"https:\/\/www.paulmas.com\/actualite\/le-programme-des-deferlantes-2017-en-video\/","og_locale":"en_US","og_type":"article","og_title":"Le programme des D\u00e9ferlantes 2017 en vid\u00e9o - Les Domaines Paul Mas","og_description":"D\u00e9couvrez\u00a0une programmation de folie ! Voil\u00e0 en images ce qui vous attend du 8 au 11 juillet \u00e0\u00a0Argel\u00e8s-sur-Mer\u00a0&#x1f334;","og_url":"https:\/\/www.paulmas.com\/actualite\/le-programme-des-deferlantes-2017-en-video\/","og_site_name":"Les Domaines Paul Mas","article_published_time":"2017-07-05T10:15:44+00:00","og_image":[{"width":846,"height":478,"url":"https:\/\/www.paulmas.com\/wp-content\/uploads\/2017\/07\/deferlantes-video-programme.jpg","type":"image\/jpeg"}],"author":"paul mas","twitter_card":"summary_large_image","twitter_misc":{"Written by":"paul mas"},"schema":{"@context":"https:\/\/schema.org","@graph":[{"@type":"Article","@id":"https:\/\/www.paulmas.com\/actualite\/le-programme-des-deferlantes-2017-en-video\/#article","isPartOf":{"@id":"https:\/\/www.paulmas.com\/actualite\/le-programme-des-deferlantes-2017-en-video\/"},"author":{"name":"paul mas","@id":"https:\/\/www.paulmas.com\/#\/schema\/person\/0255f01754a6d45e52362f3e20f6e032"},"headline":"Le programme des D\u00e9ferlantes 2017 en vid\u00e9o","datePublished":"2017-07-05T10:15:44+00:00","mainEntityOfPage":{"@id":"https:\/\/www.paulmas.com\/actualite\/le-programme-des-deferlantes-2017-en-video\/"},"wordCount":28,"image":{"@id":"https:\/\/www.paulmas.com\/actualite\/le-programme-des-deferlantes-2017-en-video\/#primaryimage"},"thumbnailUrl":"https:\/\/www.paulmas.com\/wp-content\/uploads\/2017\/07\/deferlantes-video-programme.jpg","articleSection":["Actualit\u00e9"],"inLanguage":"en-US"},{"@type":"WebPage","@id":"https:\/\/www.paulmas.com\/actualite\/le-programme-des-deferlantes-2017-en-video\/","url":"https:\/\/www.paulmas.com\/actualite\/le-programme-des-deferlantes-2017-en-video\/","name":"Le programme des D\u00e9ferlantes 2017 en vid\u00e9o - Les Domaines Paul Mas","isPartOf":{"@id":"https:\/\/www.paulmas.com\/#website"},"primaryImageOfPage":{"@id":"https:\/\/www.paulmas.com\/actualite\/le-programme-des-deferlantes-2017-en-video\/#primaryimage"},"image":{"@id":"https:\/\/www.paulmas.com\/actualite\/le-programme-des-deferlantes-2017-en-video\/#primaryimage"},"thumbnailUrl":"https:\/\/www.paulmas.com\/wp-content\/uploads\/2017\/07\/deferlantes-video-programme.jpg","datePublished":"2017-07-05T10:15:44+00:00","author":{"@id":"https:\/\/www.paulmas.com\/#\/schema\/person\/0255f01754a6d45e52362f3e20f6e032"},"breadcrumb":{"@id":"https:\/\/www.paulmas.com\/actualite\/le-programme-des-deferlantes-2017-en-video\/#breadcrumb"},"inLanguage":"en-US","potentialAction":[{"@type":"ReadAction","target":["https:\/\/www.paulmas.com\/actualite\/le-programme-des-deferlantes-2017-en-video\/"]}]},{"@type":"ImageObject","inLanguage":"en-US","@id":"https:\/\/www.paulmas.com\/actualite\/le-programme-des-deferlantes-2017-en-video\/#primaryimage","url":"https:\/\/www.paulmas.com\/wp-content\/uploads\/2017\/07\/deferlantes-video-programme.jpg","contentUrl":"https:\/\/www.paulmas.com\/wp-content\/uploads\/2017\/07\/deferlantes-video-programme.jpg","width":846,"height":478,"caption":"festivale les deferlantes argeles"},{"@type":"BreadcrumbList","@id":"https:\/\/www.paulmas.com\/actualite\/le-programme-des-deferlantes-2017-en-video\/#breadcrumb","itemListElement":[{"@type":"ListItem","position":1,"name":"Accueil","item":"https:\/\/www.paulmas.com\/en\/"},{"@type":"ListItem","position":2,"name":"Le programme des D\u00e9ferlantes 2017 en vid\u00e9o"}]},{"@type":"WebSite","@id":"https:\/\/www.paulmas.com\/#website","url":"https:\/\/www.paulmas.com\/","name":"Les Domaines Paul Mas","description":"Le luxe rural depuis 1892","potentialAction":[{"@type":"SearchAction","target":{"@type":"EntryPoint","urlTemplate":"https:\/\/www.paulmas.com\/?s={search_term_string}"},"query-input":{"@type":"PropertyValueSpecification","valueRequired":true,"valueName":"search_term_string"}}],"inLanguage":"en-US"},{"@type":"Person","@id":"https:\/\/www.paulmas.com\/#\/schema\/person\/0255f01754a6d45e52362f3e20f6e032","name":"paul mas","url":"https:\/\/www.paulmas.com\/en\/author\/paul-mas\/"}]}},"_links":{"self":[{"href":"https:\/\/www.paulmas.com\/en\/wp-json\/wp\/v2\/posts\/2570","targetHints":{"allow":["GET"]}}],"collection":[{"href":"https:\/\/www.paulmas.com\/en\/wp-json\/wp\/v2\/posts"}],"about":[{"href":"https:\/\/www.paulmas.com\/en\/wp-json\/wp\/v2\/types\/post"}],"author":[{"embeddable":true,"href":"https:\/\/www.paulmas.com\/en\/wp-json\/wp\/v2\/users\/2"}],"replies":[{"embeddable":true,"href":"https:\/\/www.paulmas.com\/en\/wp-json\/wp\/v2\/comments?post=2570"}],"version-history":[{"count":1,"href":"https:\/\/www.paulmas.com\/en\/wp-json\/wp\/v2\/posts\/2570\/revisions"}],"predecessor-version":[{"id":2572,"href":"https:\/\/www.paulmas.com\/en\/wp-json\/wp\/v2\/posts\/2570\/revisions\/2572"}],"wp:featuredmedia":[{"embeddable":true,"href":"https:\/\/www.paulmas.com\/en\/wp-json\/wp\/v2\/media\/2571"}],"wp:attachment":[{"href":"https:\/\/www.paulmas.com\/en\/wp-json\/wp\/v2\/media?parent=2570"}],"wp:term":[{"taxonomy":"category","embeddable":true,"href":"https:\/\/www.paulmas.com\/en\/wp-json\/wp\/v2\/categories?post=2570"},{"taxonomy":"post_tag","embeddable":true,"href":"https:\/\/www.paulmas.com\/en\/wp-json\/wp\/v2\/tags?post=2570"}],"curies":[{"name":"wp","href":"https:\/\/api.w.org\/{rel}","templated":true}]}}