{"id":2527,"date":"2017-06-30T08:49:30","date_gmt":"2017-06-30T08:49:30","guid":{"rendered":"https:\/\/paulmas.com\/?p=2527"},"modified":"2017-06-30T09:46:46","modified_gmt":"2017-06-30T09:46:46","slug":"festivales-les-deferlantes-a-argeles-les-vins-paul-mas-partenaire-officiel-sont-dans-la-place","status":"publish","type":"post","link":"https:\/\/www.paulmas.com\/en\/actualite\/festivales-les-deferlantes-a-argeles-les-vins-paul-mas-partenaire-officiel-sont-dans-la-place\/","title":{"rendered":"Festivales Les D\u00e9ferlantes \u00e0 Argel\u00e8s, les vins Paul Mas partenaire officiel sont dans la place"},"content":{"rendered":"<p>Nous sommes partenaire du fameux Festival de musique Les D\u00e9ferlantes \u00e0 Argel\u00e8s sur Mer avec une sc\u00e8ne Paul Mas et plusieurs animations autour de la gastronomie et du vin.<\/p>\n<p class=\"p1\">Si Jean-Claude Mas est un vigneron \u00e9panoui, son amour pour sa r\u00e9gion ne se limite pas au vin. Depuis quelques ann\u00e9es il a choisi de faire d\u00e9couvrir l\u2019Art de vivre en Languedoc avec C\u00f4t\u00e9 Mas, un lieu de vie qui rassemble ses passions : le vin, la cuisine, l\u2019artisanat d\u2019art, l\u2019\u00e9quitation et la musique. Devenir partenaire officiel du Festival les D\u00e9ferlantes \u00e0 Argel\u00e8s-sur-Mer \u00e9tait une \u00e9vidence pour lui !<br \/>\nLes Domaines Paul Mas seront pr\u00e9sents sur le festival dans de nombreux lieux et de diff\u00e9rentes fa\u00e7ons :<\/p>\n<p><img loading=\"lazy\" decoding=\"async\" class=\"alignnone size-full wp-image-2532\" src=\"https:\/\/www.paulmas.com\/wp-content\/uploads\/2017\/06\/scene-ecran-led.jpg\" alt=\"\" width=\"1052\" height=\"500\" srcset=\"https:\/\/www.paulmas.com\/wp-content\/uploads\/2017\/06\/scene-ecran-led.jpg 1052w, https:\/\/www.paulmas.com\/wp-content\/uploads\/2017\/06\/scene-ecran-led-300x143.jpg 300w, https:\/\/www.paulmas.com\/wp-content\/uploads\/2017\/06\/scene-ecran-led-768x365.jpg 768w, https:\/\/www.paulmas.com\/wp-content\/uploads\/2017\/06\/scene-ecran-led-1024x487.jpg 1024w\" sizes=\"(max-width: 1052px) 100vw, 1052px\" \/><\/p>\n<p class=\"p1\"><strong>\u2022 Sur sc\u00e8ne :<\/strong> L\u2019une des deux <span class=\"s2\">sc\u00e8nes <\/span>sera personnalis\u00e9e Domaines Paul Mas<\/p>\n<p class=\"p1\"><strong>\u2022 Espaces VIP :<\/strong> L\u2019espace VIP met en valeur quelques vignerons partenaires dont les Domaines Paul Mas. Dans le bar VIP du festival, une <span class=\"s2\">d\u00e9gustation des vins <\/span>Domaines Paul Mas sera anim\u00e9e chaque soir de 19h \u00e0 21h par Mathilde notre ambassadrice.<\/p>\n<p><strong>\u2022 La Crypte : <\/strong>Tous les jours \u00e0 partir de 14h, dans l\u2019\u00ab Espace Domaines Paul Mas \u00bb les vins du Languedoc-Roussillon seront disponibles \u00e0 la d\u00e9gustation, avec les boissons officielles du festival : le <strong><span class=\"s2\">Cr\u00e9mant de Limoux Prima Perla <\/span><\/strong>et le cocktail\u00a0<span class=\"s2\"><strong>Catalini<\/strong>\u00a0<\/span>sp\u00e9cialement cr\u00e9\u00e9 pour l\u2019occasion \u00e0 base de quartier d&#8217;abricot du Roussillon, de sirop d&#8217;\u00e9rable, de Rivesaltes hors d\u2019\u00e2ge et de blanquette de Limoux. Vous aurez aussi de tr\u00e8s belles et bonnes assiettes r\u00e9alis\u00e9es par le restaurant Le Quartier \u00e0 Perpignan.<\/p>\n<p class=\"p1\"><strong>\u2022 Pour tous :<\/strong> Le <span class=\"s2\">foodtruck Airstream C\u00f4t\u00e9 Mas <\/span>proposera durant tout le festival une offre finger food avec un assortiment de 3 sandwichs : Iberico fa\u00e7on Panini, Pan Bagnat fa\u00e7on Chawarma et le Chawarma C\u00f4t\u00e9 Mas.<\/p>\n<blockquote>\n<p class=\"p2\">Le vin comme la musique est un art. Avec les cr\u00e9ateurs des D\u00e9ferlantes, nous partageons des valeurs communes qui sont \u00e0 l\u2019origine de notre partenariat motivant et incroyablement plaisant. Le paysage sublime du Festival, la programmation de qualit\u00e9, les fans, le climat et enfin nos vins et notre cocktail Catalini, tout est fait pour que cette dixi\u00e8me \u00e9dition soit une f\u00eate exceptionnelle.<\/p>\n<\/blockquote>\n","protected":false},"excerpt":{"rendered":"<p>Nous sommes partenaire du fameux Festival de musique Les D\u00e9ferlantes \u00e0 Argel\u00e8s sur Mer avec une sc\u00e8ne Paul Mas et plusieurs animations autour de la gastronomie et du vin. Si Jean-Claude Mas est un vigneron \u00e9panoui, son amour pour sa r\u00e9gion ne se limite pas au vin. Depuis quelques ann\u00e9es il a choisi de faire [&hellip;]<\/p>\n","protected":false},"author":2,"featured_media":2531,"comment_status":"closed","ping_status":"open","sticky":false,"template":"","format":"standard","meta":{"_et_pb_use_builder":"","_et_pb_old_content":"","_et_gb_content_width":"","footnotes":""},"categories":[6],"tags":[],"class_list":["post-2527","post","type-post","status-publish","format-standard","has-post-thumbnail","hentry","category-actualite"],"yoast_head":"<!-- This site is optimized with the Yoast SEO plugin v27.4 - https:\/\/yoast.com\/product\/yoast-seo-wordpress\/ -->\n<title>Festivales Les D\u00e9ferlantes \u00e0 Argel\u00e8s, les vins Paul Mas partenaire officiel sont dans la place - Les Domaines Paul Mas<\/title>\n<meta name=\"robots\" content=\"index, follow, max-snippet:-1, max-image-preview:large, max-video-preview:-1\" \/>\n<link rel=\"canonical\" href=\"https:\/\/www.paulmas.com\/actualite\/festivales-les-deferlantes-a-argeles-les-vins-paul-mas-partenaire-officiel-sont-dans-la-place\/\" \/>\n<meta property=\"og:locale\" content=\"en_US\" \/>\n<meta property=\"og:type\" content=\"article\" \/>\n<meta property=\"og:title\" content=\"Festivales Les D\u00e9ferlantes \u00e0 Argel\u00e8s, les vins Paul Mas partenaire officiel sont dans la place - Les Domaines Paul Mas\" \/>\n<meta property=\"og:description\" content=\"Nous sommes partenaire du fameux Festival de musique Les D\u00e9ferlantes \u00e0 Argel\u00e8s sur Mer avec une sc\u00e8ne Paul Mas et plusieurs animations autour de la gastronomie et du vin. Si Jean-Claude Mas est un vigneron \u00e9panoui, son amour pour sa r\u00e9gion ne se limite pas au vin. Depuis quelques ann\u00e9es il a choisi de faire [&hellip;]\" \/>\n<meta property=\"og:url\" content=\"https:\/\/www.paulmas.com\/actualite\/festivales-les-deferlantes-a-argeles-les-vins-paul-mas-partenaire-officiel-sont-dans-la-place\/\" \/>\n<meta property=\"og:site_name\" content=\"Les Domaines Paul Mas\" \/>\n<meta property=\"article:published_time\" content=\"2017-06-30T08:49:30+00:00\" \/>\n<meta property=\"article:modified_time\" content=\"2017-06-30T09:46:46+00:00\" \/>\n<meta property=\"og:image\" content=\"https:\/\/www.paulmas.com\/wp-content\/uploads\/2017\/06\/les-deferlantes.jpg\" \/>\n\t<meta property=\"og:image:width\" content=\"600\" \/>\n\t<meta property=\"og:image:height\" content=\"442\" \/>\n\t<meta property=\"og:image:type\" content=\"image\/jpeg\" \/>\n<meta name=\"author\" content=\"paul mas\" \/>\n<meta name=\"twitter:card\" content=\"summary_large_image\" \/>\n<meta name=\"twitter:label1\" content=\"Written by\" \/>\n\t<meta name=\"twitter:data1\" content=\"paul mas\" \/>\n\t<meta name=\"twitter:label2\" content=\"Est. reading time\" \/>\n\t<meta name=\"twitter:data2\" content=\"2 minutes\" \/>\n<script type=\"application\/ld+json\" class=\"yoast-schema-graph\">{\"@context\":\"https:\\\/\\\/schema.org\",\"@graph\":[{\"@type\":\"Article\",\"@id\":\"https:\\\/\\\/www.paulmas.com\\\/actualite\\\/festivales-les-deferlantes-a-argeles-les-vins-paul-mas-partenaire-officiel-sont-dans-la-place\\\/#article\",\"isPartOf\":{\"@id\":\"https:\\\/\\\/www.paulmas.com\\\/actualite\\\/festivales-les-deferlantes-a-argeles-les-vins-paul-mas-partenaire-officiel-sont-dans-la-place\\\/\"},\"author\":{\"name\":\"paul mas\",\"@id\":\"https:\\\/\\\/www.paulmas.com\\\/#\\\/schema\\\/person\\\/0255f01754a6d45e52362f3e20f6e032\"},\"headline\":\"Festivales Les D\u00e9ferlantes \u00e0 Argel\u00e8s, les vins Paul Mas partenaire officiel sont dans la place\",\"datePublished\":\"2017-06-30T08:49:30+00:00\",\"dateModified\":\"2017-06-30T09:46:46+00:00\",\"mainEntityOfPage\":{\"@id\":\"https:\\\/\\\/www.paulmas.com\\\/actualite\\\/festivales-les-deferlantes-a-argeles-les-vins-paul-mas-partenaire-officiel-sont-dans-la-place\\\/\"},\"wordCount\":389,\"image\":{\"@id\":\"https:\\\/\\\/www.paulmas.com\\\/actualite\\\/festivales-les-deferlantes-a-argeles-les-vins-paul-mas-partenaire-officiel-sont-dans-la-place\\\/#primaryimage\"},\"thumbnailUrl\":\"https:\\\/\\\/www.paulmas.com\\\/wp-content\\\/uploads\\\/2017\\\/06\\\/les-deferlantes.jpg\",\"articleSection\":[\"Actualit\u00e9\"],\"inLanguage\":\"en-US\"},{\"@type\":\"WebPage\",\"@id\":\"https:\\\/\\\/www.paulmas.com\\\/actualite\\\/festivales-les-deferlantes-a-argeles-les-vins-paul-mas-partenaire-officiel-sont-dans-la-place\\\/\",\"url\":\"https:\\\/\\\/www.paulmas.com\\\/actualite\\\/festivales-les-deferlantes-a-argeles-les-vins-paul-mas-partenaire-officiel-sont-dans-la-place\\\/\",\"name\":\"Festivales Les D\u00e9ferlantes \u00e0 Argel\u00e8s, les vins Paul Mas partenaire officiel sont dans la place - Les Domaines Paul Mas\",\"isPartOf\":{\"@id\":\"https:\\\/\\\/www.paulmas.com\\\/#website\"},\"primaryImageOfPage\":{\"@id\":\"https:\\\/\\\/www.paulmas.com\\\/actualite\\\/festivales-les-deferlantes-a-argeles-les-vins-paul-mas-partenaire-officiel-sont-dans-la-place\\\/#primaryimage\"},\"image\":{\"@id\":\"https:\\\/\\\/www.paulmas.com\\\/actualite\\\/festivales-les-deferlantes-a-argeles-les-vins-paul-mas-partenaire-officiel-sont-dans-la-place\\\/#primaryimage\"},\"thumbnailUrl\":\"https:\\\/\\\/www.paulmas.com\\\/wp-content\\\/uploads\\\/2017\\\/06\\\/les-deferlantes.jpg\",\"datePublished\":\"2017-06-30T08:49:30+00:00\",\"dateModified\":\"2017-06-30T09:46:46+00:00\",\"author\":{\"@id\":\"https:\\\/\\\/www.paulmas.com\\\/#\\\/schema\\\/person\\\/0255f01754a6d45e52362f3e20f6e032\"},\"breadcrumb\":{\"@id\":\"https:\\\/\\\/www.paulmas.com\\\/actualite\\\/festivales-les-deferlantes-a-argeles-les-vins-paul-mas-partenaire-officiel-sont-dans-la-place\\\/#breadcrumb\"},\"inLanguage\":\"en-US\",\"potentialAction\":[{\"@type\":\"ReadAction\",\"target\":[\"https:\\\/\\\/www.paulmas.com\\\/actualite\\\/festivales-les-deferlantes-a-argeles-les-vins-paul-mas-partenaire-officiel-sont-dans-la-place\\\/\"]}]},{\"@type\":\"ImageObject\",\"inLanguage\":\"en-US\",\"@id\":\"https:\\\/\\\/www.paulmas.com\\\/actualite\\\/festivales-les-deferlantes-a-argeles-les-vins-paul-mas-partenaire-officiel-sont-dans-la-place\\\/#primaryimage\",\"url\":\"https:\\\/\\\/www.paulmas.com\\\/wp-content\\\/uploads\\\/2017\\\/06\\\/les-deferlantes.jpg\",\"contentUrl\":\"https:\\\/\\\/www.paulmas.com\\\/wp-content\\\/uploads\\\/2017\\\/06\\\/les-deferlantes.jpg\",\"width\":600,\"height\":442},{\"@type\":\"BreadcrumbList\",\"@id\":\"https:\\\/\\\/www.paulmas.com\\\/actualite\\\/festivales-les-deferlantes-a-argeles-les-vins-paul-mas-partenaire-officiel-sont-dans-la-place\\\/#breadcrumb\",\"itemListElement\":[{\"@type\":\"ListItem\",\"position\":1,\"name\":\"Accueil\",\"item\":\"https:\\\/\\\/www.paulmas.com\\\/en\\\/\"},{\"@type\":\"ListItem\",\"position\":2,\"name\":\"Festivales Les D\u00e9ferlantes \u00e0 Argel\u00e8s, les vins Paul Mas partenaire officiel sont dans la place\"}]},{\"@type\":\"WebSite\",\"@id\":\"https:\\\/\\\/www.paulmas.com\\\/#website\",\"url\":\"https:\\\/\\\/www.paulmas.com\\\/\",\"name\":\"Les Domaines Paul Mas\",\"description\":\"Le luxe rural depuis 1892\",\"potentialAction\":[{\"@type\":\"SearchAction\",\"target\":{\"@type\":\"EntryPoint\",\"urlTemplate\":\"https:\\\/\\\/www.paulmas.com\\\/?s={search_term_string}\"},\"query-input\":{\"@type\":\"PropertyValueSpecification\",\"valueRequired\":true,\"valueName\":\"search_term_string\"}}],\"inLanguage\":\"en-US\"},{\"@type\":\"Person\",\"@id\":\"https:\\\/\\\/www.paulmas.com\\\/#\\\/schema\\\/person\\\/0255f01754a6d45e52362f3e20f6e032\",\"name\":\"paul mas\",\"url\":\"https:\\\/\\\/www.paulmas.com\\\/en\\\/author\\\/paul-mas\\\/\"}]}<\/script>\n<!-- \/ Yoast SEO plugin. -->","yoast_head_json":{"title":"Festivales Les D\u00e9ferlantes \u00e0 Argel\u00e8s, les vins Paul Mas partenaire officiel sont dans la place - Les Domaines Paul Mas","robots":{"index":"index","follow":"follow","max-snippet":"max-snippet:-1","max-image-preview":"max-image-preview:large","max-video-preview":"max-video-preview:-1"},"canonical":"https:\/\/www.paulmas.com\/actualite\/festivales-les-deferlantes-a-argeles-les-vins-paul-mas-partenaire-officiel-sont-dans-la-place\/","og_locale":"en_US","og_type":"article","og_title":"Festivales Les D\u00e9ferlantes \u00e0 Argel\u00e8s, les vins Paul Mas partenaire officiel sont dans la place - Les Domaines Paul Mas","og_description":"Nous sommes partenaire du fameux Festival de musique Les D\u00e9ferlantes \u00e0 Argel\u00e8s sur Mer avec une sc\u00e8ne Paul Mas et plusieurs animations autour de la gastronomie et du vin. Si Jean-Claude Mas est un vigneron \u00e9panoui, son amour pour sa r\u00e9gion ne se limite pas au vin. Depuis quelques ann\u00e9es il a choisi de faire [&hellip;]","og_url":"https:\/\/www.paulmas.com\/actualite\/festivales-les-deferlantes-a-argeles-les-vins-paul-mas-partenaire-officiel-sont-dans-la-place\/","og_site_name":"Les Domaines Paul Mas","article_published_time":"2017-06-30T08:49:30+00:00","article_modified_time":"2017-06-30T09:46:46+00:00","og_image":[{"width":600,"height":442,"url":"https:\/\/www.paulmas.com\/wp-content\/uploads\/2017\/06\/les-deferlantes.jpg","type":"image\/jpeg"}],"author":"paul mas","twitter_card":"summary_large_image","twitter_misc":{"Written by":"paul mas","Est. reading time":"2 minutes"},"schema":{"@context":"https:\/\/schema.org","@graph":[{"@type":"Article","@id":"https:\/\/www.paulmas.com\/actualite\/festivales-les-deferlantes-a-argeles-les-vins-paul-mas-partenaire-officiel-sont-dans-la-place\/#article","isPartOf":{"@id":"https:\/\/www.paulmas.com\/actualite\/festivales-les-deferlantes-a-argeles-les-vins-paul-mas-partenaire-officiel-sont-dans-la-place\/"},"author":{"name":"paul mas","@id":"https:\/\/www.paulmas.com\/#\/schema\/person\/0255f01754a6d45e52362f3e20f6e032"},"headline":"Festivales Les D\u00e9ferlantes \u00e0 Argel\u00e8s, les vins Paul Mas partenaire officiel sont dans la place","datePublished":"2017-06-30T08:49:30+00:00","dateModified":"2017-06-30T09:46:46+00:00","mainEntityOfPage":{"@id":"https:\/\/www.paulmas.com\/actualite\/festivales-les-deferlantes-a-argeles-les-vins-paul-mas-partenaire-officiel-sont-dans-la-place\/"},"wordCount":389,"image":{"@id":"https:\/\/www.paulmas.com\/actualite\/festivales-les-deferlantes-a-argeles-les-vins-paul-mas-partenaire-officiel-sont-dans-la-place\/#primaryimage"},"thumbnailUrl":"https:\/\/www.paulmas.com\/wp-content\/uploads\/2017\/06\/les-deferlantes.jpg","articleSection":["Actualit\u00e9"],"inLanguage":"en-US"},{"@type":"WebPage","@id":"https:\/\/www.paulmas.com\/actualite\/festivales-les-deferlantes-a-argeles-les-vins-paul-mas-partenaire-officiel-sont-dans-la-place\/","url":"https:\/\/www.paulmas.com\/actualite\/festivales-les-deferlantes-a-argeles-les-vins-paul-mas-partenaire-officiel-sont-dans-la-place\/","name":"Festivales Les D\u00e9ferlantes \u00e0 Argel\u00e8s, les vins Paul Mas partenaire officiel sont dans la place - Les Domaines Paul Mas","isPartOf":{"@id":"https:\/\/www.paulmas.com\/#website"},"primaryImageOfPage":{"@id":"https:\/\/www.paulmas.com\/actualite\/festivales-les-deferlantes-a-argeles-les-vins-paul-mas-partenaire-officiel-sont-dans-la-place\/#primaryimage"},"image":{"@id":"https:\/\/www.paulmas.com\/actualite\/festivales-les-deferlantes-a-argeles-les-vins-paul-mas-partenaire-officiel-sont-dans-la-place\/#primaryimage"},"thumbnailUrl":"https:\/\/www.paulmas.com\/wp-content\/uploads\/2017\/06\/les-deferlantes.jpg","datePublished":"2017-06-30T08:49:30+00:00","dateModified":"2017-06-30T09:46:46+00:00","author":{"@id":"https:\/\/www.paulmas.com\/#\/schema\/person\/0255f01754a6d45e52362f3e20f6e032"},"breadcrumb":{"@id":"https:\/\/www.paulmas.com\/actualite\/festivales-les-deferlantes-a-argeles-les-vins-paul-mas-partenaire-officiel-sont-dans-la-place\/#breadcrumb"},"inLanguage":"en-US","potentialAction":[{"@type":"ReadAction","target":["https:\/\/www.paulmas.com\/actualite\/festivales-les-deferlantes-a-argeles-les-vins-paul-mas-partenaire-officiel-sont-dans-la-place\/"]}]},{"@type":"ImageObject","inLanguage":"en-US","@id":"https:\/\/www.paulmas.com\/actualite\/festivales-les-deferlantes-a-argeles-les-vins-paul-mas-partenaire-officiel-sont-dans-la-place\/#primaryimage","url":"https:\/\/www.paulmas.com\/wp-content\/uploads\/2017\/06\/les-deferlantes.jpg","contentUrl":"https:\/\/www.paulmas.com\/wp-content\/uploads\/2017\/06\/les-deferlantes.jpg","width":600,"height":442},{"@type":"BreadcrumbList","@id":"https:\/\/www.paulmas.com\/actualite\/festivales-les-deferlantes-a-argeles-les-vins-paul-mas-partenaire-officiel-sont-dans-la-place\/#breadcrumb","itemListElement":[{"@type":"ListItem","position":1,"name":"Accueil","item":"https:\/\/www.paulmas.com\/en\/"},{"@type":"ListItem","position":2,"name":"Festivales Les D\u00e9ferlantes \u00e0 Argel\u00e8s, les vins Paul Mas partenaire officiel sont dans la place"}]},{"@type":"WebSite","@id":"https:\/\/www.paulmas.com\/#website","url":"https:\/\/www.paulmas.com\/","name":"Les Domaines Paul Mas","description":"Le luxe rural depuis 1892","potentialAction":[{"@type":"SearchAction","target":{"@type":"EntryPoint","urlTemplate":"https:\/\/www.paulmas.com\/?s={search_term_string}"},"query-input":{"@type":"PropertyValueSpecification","valueRequired":true,"valueName":"search_term_string"}}],"inLanguage":"en-US"},{"@type":"Person","@id":"https:\/\/www.paulmas.com\/#\/schema\/person\/0255f01754a6d45e52362f3e20f6e032","name":"paul mas","url":"https:\/\/www.paulmas.com\/en\/author\/paul-mas\/"}]}},"_links":{"self":[{"href":"https:\/\/www.paulmas.com\/en\/wp-json\/wp\/v2\/posts\/2527","targetHints":{"allow":["GET"]}}],"collection":[{"href":"https:\/\/www.paulmas.com\/en\/wp-json\/wp\/v2\/posts"}],"about":[{"href":"https:\/\/www.paulmas.com\/en\/wp-json\/wp\/v2\/types\/post"}],"author":[{"embeddable":true,"href":"https:\/\/www.paulmas.com\/en\/wp-json\/wp\/v2\/users\/2"}],"replies":[{"embeddable":true,"href":"https:\/\/www.paulmas.com\/en\/wp-json\/wp\/v2\/comments?post=2527"}],"version-history":[{"count":2,"href":"https:\/\/www.paulmas.com\/en\/wp-json\/wp\/v2\/posts\/2527\/revisions"}],"predecessor-version":[{"id":2534,"href":"https:\/\/www.paulmas.com\/en\/wp-json\/wp\/v2\/posts\/2527\/revisions\/2534"}],"wp:featuredmedia":[{"embeddable":true,"href":"https:\/\/www.paulmas.com\/en\/wp-json\/wp\/v2\/media\/2531"}],"wp:attachment":[{"href":"https:\/\/www.paulmas.com\/en\/wp-json\/wp\/v2\/media?parent=2527"}],"wp:term":[{"taxonomy":"category","embeddable":true,"href":"https:\/\/www.paulmas.com\/en\/wp-json\/wp\/v2\/categories?post=2527"},{"taxonomy":"post_tag","embeddable":true,"href":"https:\/\/www.paulmas.com\/en\/wp-json\/wp\/v2\/tags?post=2527"}],"curies":[{"name":"wp","href":"https:\/\/api.w.org\/{rel}","templated":true}]}}