{"id":1717,"date":"2016-01-14T20:05:08","date_gmt":"2016-01-14T20:05:08","guid":{"rendered":"https:\/\/paulmas.com\/?p=1717"},"modified":"2016-03-02T15:03:46","modified_gmt":"2016-03-02T15:03:46","slug":"intronisation-de-jean-claude-mas-a-lantico-confrarie-de-sant-andiu-de-la-galinieiro","status":"publish","type":"post","link":"https:\/\/www.paulmas.com\/en\/actualite\/intronisation-de-jean-claude-mas-a-lantico-confrarie-de-sant-andiu-de-la-galinieiro\/","title":{"rendered":"Intronisation de Jean-Claude Mas \u00e0 l&#8217;Antico Confrarie de Sant-Andiu de la Galinieiro"},"content":{"rendered":"<p class=\"p1\"><span class=\"s3\">Le titre <a href=\"https:\/\/fr.wikipedia.org\/wiki\/Confr%C3%A9rie\"><span class=\"s4\"><b>confr\u00e9rie<\/b><\/span><\/a> d\u00e9coule du nom de la plus ancienne organisation de ce type connue en France\u00a0: <i>l&#8217;Antico Confrarie de Sant-Andiu de la Galinieiro<\/i> constitu\u00e9e en 1140 \u00e0 <a href=\"https:\/\/fr.wikipedia.org\/wiki\/B%C3%A9ziers\"><span class=\"s4\">B\u00e9ziers<\/span><\/a>.<\/span><\/p>\n<p class=\"p3\"><span class=\"s3\">Sa marraine\u00a0: Sylvie Miquel a retrac\u00e9 le parcours, la philosophie et l\u2019engagement de Jean-Claude Mas en tant qu\u2019homme et vigneron, avant de demander son intronisation au Grand Mestre\u00a0:<\/span><\/p>\n<p class=\"p4\"><span class=\"s3\"><i>\u00ab\u00a0La saga vigneronne commence en 1892 avec Auguste Mas, arri\u00e8re-grand-p\u00e8re de Jean-Claude Mas qui acheta ses premi\u00e8res vignes \u00e0 St Pons de Mauchiens.<\/i><\/span><!--more--><\/p>\n<p class=\"p4\"><span class=\"s3\"><i>C\u2019est en 1954 que Raymond Mas, grand-p\u00e8re de Jean-Claude, devient propri\u00e9taire du ch\u00e2teau, du moulin et de 27 ha de vignes dans le hameau de Conas \u00e0 P\u00e9zenas, ville de Moli\u00e8re, berceau historique des domaines Paul Mas.<\/i><\/span><\/p>\n<p class=\"p4\"><span class=\"s3\"><i>En 1987, son p\u00e8re Paul Mas lui l\u00e8gue 35 ha de vignes.<\/i><\/span><\/p>\n<p class=\"p4\"><span class=\"s3\"><i>C\u2019est une rencontre avec l\u2019un des principaux \u0153nologues italiens Giorgio Grai, qui lui apprit l\u2019art de l\u2019assemblage et la cr\u00e9ation du vin avec un Style.<\/i><\/span><\/p>\n<p class=\"p4\"><span class=\"s3\"><i>Au milieu des ann\u00e9es 90, il pr\u00e9pare les premiers assemblages \u00e0 la propri\u00e9t\u00e9 familiale.<\/i><\/span><\/p>\n<p class=\"p4\"><span class=\"s3\"><i>Aux domaines Paul Mas, l\u2019innovation et la tradition se conjugue et s\u2019\u00e9mule \u00e0 merveille pour nourrir une philosophie qu\u2019il d\u00e9finit comme le Luxe Rural.<\/i><\/span><\/p>\n<p class=\"p4\"><span class=\"s3\"><i>L\u2019engagement de l\u2019humble vigneron commence dans les vignobles pour tous les vins qu\u2019il produit\u00a0: \u00ab\u00a0le vignoble est le lieu d\u2019o\u00f9 vient l\u2019inspiration, l\u00e0 o\u00f9 se forme l\u2019image approximative de la personnalit\u00e9 et du caract\u00e8re du vin, tout cela d\u00e9pend des raisins r\u00e9colt\u00e9s, fruits de 12 mois de travail.\u00a0\u00bb<\/i><\/span><\/p>\n<p class=\"p4\"><span class=\"s3\"><i>S\u2019appuyer sur les valeurs de l\u2019ancien monde et les conjuguer au dynamisme du nouveau monde telle est la philosophie qui anime Jean-Claude Mas.<\/i><\/span><\/p>\n<p class=\"p4\"><span class=\"s3\"><i>C\u2019est pour son implication dans le monde viticole, dans le maintien de nos traditions et de notre patrimoine languedocien, dans la promotion d\u2019artistes que je vous demande Grand Mestre d\u2019accueillir Monsieur Jean-Claude Mas dans notre antique confr\u00e9rie de Sant Andiu de la Galini\u00e8re.<\/i><\/span><\/p>\n<p class=\"p4\"><span class=\"s3\">Il a re\u00e7u l&#8217;acte \u00e9crit de son appartenance \u00e0 cette confr\u00e9rie la plus ancienne au monde dans le domaine du vin. Ce serment stipule <b>&#8220;Je m\u2019engage \u00e0 me conduire en francs et fid\u00e8les compagnons des vins du Biterrois. \u00c0 aimer cette terre d&#8217;Oc, \u00e0 travailler et aider au maintien de ses antiques traditions, d&#8217;hospitalit\u00e9, de sagesse et bonne humeur. \u00c0 faire conna\u00eetre la beaut\u00e9 de ses sites, de ses vieilles \u00e9glises, abbayes et antiques ch\u00e2teaux, t\u00e9moins de son pass\u00e9, durant lequel a souffl\u00e9 l&#8217;esprit de ses artistes et de ses laborieuses populations. Je promets d&#8217;appr\u00e9cier et de propager les produits des vignes, d&#8217;honorer enfin ses rudes vignerons, qui, par leur vaillance, font la prosp\u00e9rit\u00e9 et la renomm\u00e9e de la Patrie Occitane.&#8221;<\/b><\/span><\/p>\n<p class=\"p4\"><span class=\"s3\">Il a pr\u00eat\u00e9 serment et \u00e0 sign\u00e9 le Grand Livre d\u2019Or.<\/span><\/p>\n<p class=\"p4\"><span class=\"s3\">N\u00e9 \u00e0 B\u00e9ziers et dipl\u00f4m\u00e9 au lyc\u00e9e La Trinit\u00e9, Jean-Claude Mas est tr\u00e8s fier de faire revivre l\u2019affiche qui \u00e9tait \u00e0 l\u2019entr\u00e9e de la ville\u00a0: \u00ab\u00a0B\u00e9ziers capitale du vin\u00a0\u00bb.<\/span><\/p>\n","protected":false},"excerpt":{"rendered":"<p>Le titre confr\u00e9rie d\u00e9coule du nom de la plus ancienne organisation de ce type connue en France\u00a0: l&#8217;Antico Confrarie de Sant-Andiu de la Galinieiro constitu\u00e9e en 1140 \u00e0 B\u00e9ziers. Sa marraine\u00a0: Sylvie Miquel a retrac\u00e9 le parcours, la philosophie et l\u2019engagement de Jean-Claude Mas en tant qu\u2019homme et vigneron, avant de demander son intronisation au [&hellip;]<\/p>\n","protected":false},"author":2,"featured_media":0,"comment_status":"closed","ping_status":"open","sticky":false,"template":"","format":"standard","meta":{"_et_pb_use_builder":"","_et_pb_old_content":"","_et_gb_content_width":"","footnotes":""},"categories":[6],"tags":[],"class_list":["post-1717","post","type-post","status-publish","format-standard","hentry","category-actualite"],"yoast_head":"<!-- This site is optimized with the Yoast SEO plugin v27.4 - https:\/\/yoast.com\/product\/yoast-seo-wordpress\/ -->\n<title>Intronisation de Jean-Claude Mas \u00e0 l&#039;Antico Confrarie de Sant-Andiu de la Galinieiro - Les Domaines Paul Mas<\/title>\n<meta name=\"robots\" content=\"index, follow, max-snippet:-1, max-image-preview:large, max-video-preview:-1\" \/>\n<link rel=\"canonical\" href=\"https:\/\/www.paulmas.com\/actualite\/intronisation-de-jean-claude-mas-a-lantico-confrarie-de-sant-andiu-de-la-galinieiro\/\" \/>\n<meta property=\"og:locale\" content=\"en_US\" \/>\n<meta property=\"og:type\" content=\"article\" \/>\n<meta property=\"og:title\" content=\"Intronisation de Jean-Claude Mas \u00e0 l&#039;Antico Confrarie de Sant-Andiu de la Galinieiro - Les Domaines Paul Mas\" \/>\n<meta property=\"og:description\" content=\"Le titre confr\u00e9rie d\u00e9coule du nom de la plus ancienne organisation de ce type connue en France\u00a0: l&#8217;Antico Confrarie de Sant-Andiu de la Galinieiro constitu\u00e9e en 1140 \u00e0 B\u00e9ziers. Sa marraine\u00a0: Sylvie Miquel a retrac\u00e9 le parcours, la philosophie et l\u2019engagement de Jean-Claude Mas en tant qu\u2019homme et vigneron, avant de demander son intronisation au [&hellip;]\" \/>\n<meta property=\"og:url\" content=\"https:\/\/www.paulmas.com\/actualite\/intronisation-de-jean-claude-mas-a-lantico-confrarie-de-sant-andiu-de-la-galinieiro\/\" \/>\n<meta property=\"og:site_name\" content=\"Les Domaines Paul Mas\" \/>\n<meta property=\"article:published_time\" content=\"2016-01-14T20:05:08+00:00\" \/>\n<meta property=\"article:modified_time\" content=\"2016-03-02T15:03:46+00:00\" \/>\n<meta name=\"author\" content=\"paul mas\" \/>\n<meta name=\"twitter:card\" content=\"summary_large_image\" \/>\n<meta name=\"twitter:label1\" content=\"Written by\" \/>\n\t<meta name=\"twitter:data1\" content=\"paul mas\" \/>\n\t<meta name=\"twitter:label2\" content=\"Est. reading time\" \/>\n\t<meta name=\"twitter:data2\" content=\"3 minutes\" \/>\n<script type=\"application\/ld+json\" class=\"yoast-schema-graph\">{\"@context\":\"https:\\\/\\\/schema.org\",\"@graph\":[{\"@type\":\"Article\",\"@id\":\"https:\\\/\\\/www.paulmas.com\\\/actualite\\\/intronisation-de-jean-claude-mas-a-lantico-confrarie-de-sant-andiu-de-la-galinieiro\\\/#article\",\"isPartOf\":{\"@id\":\"https:\\\/\\\/www.paulmas.com\\\/actualite\\\/intronisation-de-jean-claude-mas-a-lantico-confrarie-de-sant-andiu-de-la-galinieiro\\\/\"},\"author\":{\"name\":\"paul mas\",\"@id\":\"https:\\\/\\\/www.paulmas.com\\\/#\\\/schema\\\/person\\\/0255f01754a6d45e52362f3e20f6e032\"},\"headline\":\"Intronisation de Jean-Claude Mas \u00e0 l&#8217;Antico Confrarie de Sant-Andiu de la Galinieiro\",\"datePublished\":\"2016-01-14T20:05:08+00:00\",\"dateModified\":\"2016-03-02T15:03:46+00:00\",\"mainEntityOfPage\":{\"@id\":\"https:\\\/\\\/www.paulmas.com\\\/actualite\\\/intronisation-de-jean-claude-mas-a-lantico-confrarie-de-sant-andiu-de-la-galinieiro\\\/\"},\"wordCount\":531,\"articleSection\":[\"Actualit\u00e9\"],\"inLanguage\":\"en-US\"},{\"@type\":\"WebPage\",\"@id\":\"https:\\\/\\\/www.paulmas.com\\\/actualite\\\/intronisation-de-jean-claude-mas-a-lantico-confrarie-de-sant-andiu-de-la-galinieiro\\\/\",\"url\":\"https:\\\/\\\/www.paulmas.com\\\/actualite\\\/intronisation-de-jean-claude-mas-a-lantico-confrarie-de-sant-andiu-de-la-galinieiro\\\/\",\"name\":\"Intronisation de Jean-Claude Mas \u00e0 l'Antico Confrarie de Sant-Andiu de la Galinieiro - Les Domaines Paul Mas\",\"isPartOf\":{\"@id\":\"https:\\\/\\\/www.paulmas.com\\\/#website\"},\"datePublished\":\"2016-01-14T20:05:08+00:00\",\"dateModified\":\"2016-03-02T15:03:46+00:00\",\"author\":{\"@id\":\"https:\\\/\\\/www.paulmas.com\\\/#\\\/schema\\\/person\\\/0255f01754a6d45e52362f3e20f6e032\"},\"breadcrumb\":{\"@id\":\"https:\\\/\\\/www.paulmas.com\\\/actualite\\\/intronisation-de-jean-claude-mas-a-lantico-confrarie-de-sant-andiu-de-la-galinieiro\\\/#breadcrumb\"},\"inLanguage\":\"en-US\",\"potentialAction\":[{\"@type\":\"ReadAction\",\"target\":[\"https:\\\/\\\/www.paulmas.com\\\/actualite\\\/intronisation-de-jean-claude-mas-a-lantico-confrarie-de-sant-andiu-de-la-galinieiro\\\/\"]}]},{\"@type\":\"BreadcrumbList\",\"@id\":\"https:\\\/\\\/www.paulmas.com\\\/actualite\\\/intronisation-de-jean-claude-mas-a-lantico-confrarie-de-sant-andiu-de-la-galinieiro\\\/#breadcrumb\",\"itemListElement\":[{\"@type\":\"ListItem\",\"position\":1,\"name\":\"Accueil\",\"item\":\"https:\\\/\\\/www.paulmas.com\\\/en\\\/\"},{\"@type\":\"ListItem\",\"position\":2,\"name\":\"Intronisation de Jean-Claude Mas \u00e0 l&rsquo;Antico Confrarie de Sant-Andiu de la Galinieiro\"}]},{\"@type\":\"WebSite\",\"@id\":\"https:\\\/\\\/www.paulmas.com\\\/#website\",\"url\":\"https:\\\/\\\/www.paulmas.com\\\/\",\"name\":\"Les Domaines Paul Mas\",\"description\":\"Le luxe rural depuis 1892\",\"potentialAction\":[{\"@type\":\"SearchAction\",\"target\":{\"@type\":\"EntryPoint\",\"urlTemplate\":\"https:\\\/\\\/www.paulmas.com\\\/?s={search_term_string}\"},\"query-input\":{\"@type\":\"PropertyValueSpecification\",\"valueRequired\":true,\"valueName\":\"search_term_string\"}}],\"inLanguage\":\"en-US\"},{\"@type\":\"Person\",\"@id\":\"https:\\\/\\\/www.paulmas.com\\\/#\\\/schema\\\/person\\\/0255f01754a6d45e52362f3e20f6e032\",\"name\":\"paul mas\",\"url\":\"https:\\\/\\\/www.paulmas.com\\\/en\\\/author\\\/paul-mas\\\/\"}]}<\/script>\n<!-- \/ Yoast SEO plugin. -->","yoast_head_json":{"title":"Intronisation de Jean-Claude Mas \u00e0 l'Antico Confrarie de Sant-Andiu de la Galinieiro - Les Domaines Paul Mas","robots":{"index":"index","follow":"follow","max-snippet":"max-snippet:-1","max-image-preview":"max-image-preview:large","max-video-preview":"max-video-preview:-1"},"canonical":"https:\/\/www.paulmas.com\/actualite\/intronisation-de-jean-claude-mas-a-lantico-confrarie-de-sant-andiu-de-la-galinieiro\/","og_locale":"en_US","og_type":"article","og_title":"Intronisation de Jean-Claude Mas \u00e0 l'Antico Confrarie de Sant-Andiu de la Galinieiro - Les Domaines Paul Mas","og_description":"Le titre confr\u00e9rie d\u00e9coule du nom de la plus ancienne organisation de ce type connue en France\u00a0: l&#8217;Antico Confrarie de Sant-Andiu de la Galinieiro constitu\u00e9e en 1140 \u00e0 B\u00e9ziers. Sa marraine\u00a0: Sylvie Miquel a retrac\u00e9 le parcours, la philosophie et l\u2019engagement de Jean-Claude Mas en tant qu\u2019homme et vigneron, avant de demander son intronisation au [&hellip;]","og_url":"https:\/\/www.paulmas.com\/actualite\/intronisation-de-jean-claude-mas-a-lantico-confrarie-de-sant-andiu-de-la-galinieiro\/","og_site_name":"Les Domaines Paul Mas","article_published_time":"2016-01-14T20:05:08+00:00","article_modified_time":"2016-03-02T15:03:46+00:00","author":"paul mas","twitter_card":"summary_large_image","twitter_misc":{"Written by":"paul mas","Est. reading time":"3 minutes"},"schema":{"@context":"https:\/\/schema.org","@graph":[{"@type":"Article","@id":"https:\/\/www.paulmas.com\/actualite\/intronisation-de-jean-claude-mas-a-lantico-confrarie-de-sant-andiu-de-la-galinieiro\/#article","isPartOf":{"@id":"https:\/\/www.paulmas.com\/actualite\/intronisation-de-jean-claude-mas-a-lantico-confrarie-de-sant-andiu-de-la-galinieiro\/"},"author":{"name":"paul mas","@id":"https:\/\/www.paulmas.com\/#\/schema\/person\/0255f01754a6d45e52362f3e20f6e032"},"headline":"Intronisation de Jean-Claude Mas \u00e0 l&#8217;Antico Confrarie de Sant-Andiu de la Galinieiro","datePublished":"2016-01-14T20:05:08+00:00","dateModified":"2016-03-02T15:03:46+00:00","mainEntityOfPage":{"@id":"https:\/\/www.paulmas.com\/actualite\/intronisation-de-jean-claude-mas-a-lantico-confrarie-de-sant-andiu-de-la-galinieiro\/"},"wordCount":531,"articleSection":["Actualit\u00e9"],"inLanguage":"en-US"},{"@type":"WebPage","@id":"https:\/\/www.paulmas.com\/actualite\/intronisation-de-jean-claude-mas-a-lantico-confrarie-de-sant-andiu-de-la-galinieiro\/","url":"https:\/\/www.paulmas.com\/actualite\/intronisation-de-jean-claude-mas-a-lantico-confrarie-de-sant-andiu-de-la-galinieiro\/","name":"Intronisation de Jean-Claude Mas \u00e0 l'Antico Confrarie de Sant-Andiu de la Galinieiro - Les Domaines Paul Mas","isPartOf":{"@id":"https:\/\/www.paulmas.com\/#website"},"datePublished":"2016-01-14T20:05:08+00:00","dateModified":"2016-03-02T15:03:46+00:00","author":{"@id":"https:\/\/www.paulmas.com\/#\/schema\/person\/0255f01754a6d45e52362f3e20f6e032"},"breadcrumb":{"@id":"https:\/\/www.paulmas.com\/actualite\/intronisation-de-jean-claude-mas-a-lantico-confrarie-de-sant-andiu-de-la-galinieiro\/#breadcrumb"},"inLanguage":"en-US","potentialAction":[{"@type":"ReadAction","target":["https:\/\/www.paulmas.com\/actualite\/intronisation-de-jean-claude-mas-a-lantico-confrarie-de-sant-andiu-de-la-galinieiro\/"]}]},{"@type":"BreadcrumbList","@id":"https:\/\/www.paulmas.com\/actualite\/intronisation-de-jean-claude-mas-a-lantico-confrarie-de-sant-andiu-de-la-galinieiro\/#breadcrumb","itemListElement":[{"@type":"ListItem","position":1,"name":"Accueil","item":"https:\/\/www.paulmas.com\/en\/"},{"@type":"ListItem","position":2,"name":"Intronisation de Jean-Claude Mas \u00e0 l&rsquo;Antico Confrarie de Sant-Andiu de la Galinieiro"}]},{"@type":"WebSite","@id":"https:\/\/www.paulmas.com\/#website","url":"https:\/\/www.paulmas.com\/","name":"Les Domaines Paul Mas","description":"Le luxe rural depuis 1892","potentialAction":[{"@type":"SearchAction","target":{"@type":"EntryPoint","urlTemplate":"https:\/\/www.paulmas.com\/?s={search_term_string}"},"query-input":{"@type":"PropertyValueSpecification","valueRequired":true,"valueName":"search_term_string"}}],"inLanguage":"en-US"},{"@type":"Person","@id":"https:\/\/www.paulmas.com\/#\/schema\/person\/0255f01754a6d45e52362f3e20f6e032","name":"paul mas","url":"https:\/\/www.paulmas.com\/en\/author\/paul-mas\/"}]}},"_links":{"self":[{"href":"https:\/\/www.paulmas.com\/en\/wp-json\/wp\/v2\/posts\/1717","targetHints":{"allow":["GET"]}}],"collection":[{"href":"https:\/\/www.paulmas.com\/en\/wp-json\/wp\/v2\/posts"}],"about":[{"href":"https:\/\/www.paulmas.com\/en\/wp-json\/wp\/v2\/types\/post"}],"author":[{"embeddable":true,"href":"https:\/\/www.paulmas.com\/en\/wp-json\/wp\/v2\/users\/2"}],"replies":[{"embeddable":true,"href":"https:\/\/www.paulmas.com\/en\/wp-json\/wp\/v2\/comments?post=1717"}],"version-history":[{"count":2,"href":"https:\/\/www.paulmas.com\/en\/wp-json\/wp\/v2\/posts\/1717\/revisions"}],"predecessor-version":[{"id":1885,"href":"https:\/\/www.paulmas.com\/en\/wp-json\/wp\/v2\/posts\/1717\/revisions\/1885"}],"wp:attachment":[{"href":"https:\/\/www.paulmas.com\/en\/wp-json\/wp\/v2\/media?parent=1717"}],"wp:term":[{"taxonomy":"category","embeddable":true,"href":"https:\/\/www.paulmas.com\/en\/wp-json\/wp\/v2\/categories?post=1717"},{"taxonomy":"post_tag","embeddable":true,"href":"https:\/\/www.paulmas.com\/en\/wp-json\/wp\/v2\/tags?post=1717"}],"curies":[{"name":"wp","href":"https:\/\/api.w.org\/{rel}","templated":true}]}}