{"id":13967,"date":"2026-04-01T08:08:07","date_gmt":"2026-04-01T08:08:07","guid":{"rendered":"https:\/\/www.paulmas.com\/?p=13967"},"modified":"2026-04-14T08:04:15","modified_gmt":"2026-04-14T08:04:15","slug":"vinalies-2","status":"publish","type":"post","link":"https:\/\/www.paulmas.com\/en\/medals\/vinalies-2\/","title":{"rendered":"Vinalies"},"content":{"rendered":"<p>[et_pb_section fb_built=&#8221;1&#8243; _builder_version=&#8221;4.16&#8243; _module_preset=&#8221;default&#8221; global_colors_info=&#8221;{}&#8221;][et_pb_row _builder_version=&#8221;4.27.4&#8243; _module_preset=&#8221;default&#8221; global_colors_info=&#8221;{}&#8221;][et_pb_column type=&#8221;4_4&#8243; _builder_version=&#8221;4.24.3&#8243; _module_preset=&#8221;default&#8221; global_colors_info=&#8221;{}&#8221;][et_pb_text _builder_version=&#8221;4.27.6&#8243; _module_preset=&#8221;default&#8221; global_colors_info=&#8221;{}&#8221;]<\/p>\n<h1 class=\"entry-title\" style=\"text-align: center;\">Our Gold Medals at the Vinalies<\/h1>\n<p>[\/et_pb_text][et_pb_text _builder_version=&#8221;4.27.0&#8243; _module_preset=&#8221;default&#8221; global_colors_info=&#8221;{}&#8221;]<\/p>\n<p>The Vinalies is an international wine competition organized by the Union of French Oenologists since 1993. The event aims to promote wine excellence worldwide by rewarding those that stand out for their quality and typicity.<\/p>\n<p><\/p>\n<p>The wines submitted are tasted blind by a panel of experts, including sommeliers, specialized journalists, and oenologists. Each wine is evaluated based on criteria such as aroma, flavor, balance, and expression of terroir.<\/p>\n<p><\/p>\n<p>Domaines Paul Mas regularly takes part in this competition, demonstrating its commitment to quality and innovation. Winning a medal at the Vinalies is, for us, a mark of recognition of our expertise and the excellence of our wines.<\/p>\n<p>[\/et_pb_text][\/et_pb_column][\/et_pb_row][et_pb_row _builder_version=&#8221;4.27.0&#8243; _module_preset=&#8221;default&#8221; locked=&#8221;off&#8221; global_colors_info=&#8221;{}&#8221;][et_pb_column type=&#8221;4_4&#8243; _builder_version=&#8221;4.27.0&#8243; _module_preset=&#8221;default&#8221; global_colors_info=&#8221;{}&#8221;][et_pb_text content_tablet=&#8221;<\/p>\n<h2 style=%22text-align: center;%22>Mundus Vini Spring 2026<\/h2>\n<p>&#8221; content_phone=&#8221;<\/p>\n<h2 style=%22text-align: center;%22>Mundus Vini Spring 2026<\/h2>\n<p>&#8221; content_last_edited=&#8221;on|desktop&#8221; _builder_version=&#8221;4.27.6&#8243; _module_preset=&#8221;default&#8221; header_2_text_color=&#8221;#d3ae30&#8243; min_height=&#8221;28px&#8221; custom_margin=&#8221;||-8px|||&#8221; header_2_font_size_tablet=&#8221;&#8221; header_2_font_size_phone=&#8221;35px&#8221; header_2_font_size_last_edited=&#8221;on|phone&#8221; header_2_line_height_tablet=&#8221;&#8221; header_2_line_height_phone=&#8221;1.5em&#8221; header_2_line_height_last_edited=&#8221;on|phone&#8221; global_colors_info=&#8221;{}&#8221;]<\/p>\n<h2 style=\"text-align: center;\">\u00a02026 &#8211; Vinalies Internationales<\/h2>\n<p>[\/et_pb_text][et_pb_divider color=&#8221;#d3ae30&#8243; _builder_version=&#8221;4.27.6&#8243; _module_preset=&#8221;default&#8221; background_color=&#8221;#d3ae30&#8243; width=&#8221;50%&#8221; module_alignment=&#8221;center&#8221; height=&#8221;0px&#8221; global_colors_info=&#8221;{}&#8221;][\/et_pb_divider][\/et_pb_column][\/et_pb_row][et_pb_row column_structure=&#8221;1_3,1_3,1_3&#8243; _builder_version=&#8221;4.27.6&#8243; _module_preset=&#8221;default&#8221; locked=&#8221;off&#8221; global_colors_info=&#8221;{}&#8221;][et_pb_column type=&#8221;1_3&#8243; _builder_version=&#8221;4.27.6&#8243; _module_preset=&#8221;default&#8221; border_radii=&#8221;on|10px|10px|10px|10px&#8221; border_width_all=&#8221;1px&#8221; global_colors_info=&#8221;{}&#8221;][et_pb_image src=&#8221;https:\/\/www.paulmas.com\/wp-content\/uploads\/2026\/04\/Vignes-de-Nicole-Cabernet-Sauvignon-Syrah-2025.jpg&#8221; title_text=&#8221;Vignes de Nicole Cabernet Sauvignon Syrah 2025&#8243; show_in_lightbox=&#8221;on&#8221; _builder_version=&#8221;4.27.6&#8243; _module_preset=&#8221;default&#8221; global_colors_info=&#8221;{}&#8221;][\/et_pb_image][et_pb_text _builder_version=&#8221;4.27.6&#8243; _module_preset=&#8221;default&#8221; header_3_font=&#8221;|||||on|||&#8221; header_3_text_align=&#8221;center&#8221; header_4_font=&#8221;|||||on|||&#8221; header_4_text_align=&#8221;center&#8221; header_5_text_align=&#8221;center&#8221; header_5_text_color=&#8221;#d3ae30&#8243; global_colors_info=&#8221;{}&#8221;]<\/p>\n<h3>Vignes de Nicole<\/h3>\n<p><\/p>\n<h4>Cabernet sauvignon, Syrah 2025<\/h4>\n<p><\/p>\n<p style=\"text-align: center;\">IGP Pays d&#8217;OC<\/p>\n<p><\/p>\n<h5>OR\/GOLD Vinalies Internationales 2026<\/h5>\n<p>[\/et_pb_text][\/et_pb_column][et_pb_column type=&#8221;1_3&#8243; _builder_version=&#8221;4.27.6&#8243; _module_preset=&#8221;default&#8221; border_radii=&#8221;on|10px|10px|10px|10px&#8221; border_width_all=&#8221;1px&#8221; global_colors_info=&#8221;{}&#8221;][et_pb_image src=&#8221;https:\/\/www.paulmas.com\/wp-content\/uploads\/2026\/04\/Vignes-de-Nicole-Cabernet-Sauvignon-Merlot-2025.jpg&#8221; title_text=&#8221;Vignes de Nicole Cabernet Sauvignon Merlot 2025&#8243; show_in_lightbox=&#8221;on&#8221; _builder_version=&#8221;4.27.6&#8243; _module_preset=&#8221;default&#8221; global_colors_info=&#8221;{}&#8221;][\/et_pb_image][et_pb_text _builder_version=&#8221;4.27.6&#8243; _module_preset=&#8221;default&#8221; header_3_font=&#8221;|||||on|||&#8221; header_3_text_align=&#8221;center&#8221; header_4_font=&#8221;|||||on|||&#8221; header_4_text_align=&#8221;center&#8221; header_5_text_align=&#8221;center&#8221; header_5_text_color=&#8221;#d3ae30&#8243; global_colors_info=&#8221;{}&#8221;]<\/p>\n<h3>Vignes de Nicole<\/h3>\n<p><\/p>\n<h4>Cabernet sauvignon, Merlot 2025<\/h4>\n<p><\/p>\n<p style=\"text-align: center;\">IGP Pays d&#8217;Oc<\/p>\n<p><\/p>\n<h5>OR\/GOLD Vinalies Internationales 2026<\/h5>\n<p>[\/et_pb_text][\/et_pb_column][et_pb_column type=&#8221;1_3&#8243; _builder_version=&#8221;4.27.6&#8243; _module_preset=&#8221;default&#8221; border_radii=&#8221;on|10px|10px|10px|10px&#8221; border_width_all=&#8221;1px&#8221; global_colors_info=&#8221;{}&#8221;][et_pb_image src=&#8221;https:\/\/www.paulmas.com\/wp-content\/uploads\/2024\/04\/LArtisan-Le-Chardonnay-2025.jpg&#8221; title_text=&#8221;L&#8217;Artisan Le Chardonnay 2025&#8243; show_in_lightbox=&#8221;on&#8221; _builder_version=&#8221;4.27.6&#8243; _module_preset=&#8221;default&#8221; global_colors_info=&#8221;{}&#8221;][\/et_pb_image][et_pb_text _builder_version=&#8221;4.27.6&#8243; _module_preset=&#8221;default&#8221; header_3_font=&#8221;|||||on|||&#8221; header_3_text_align=&#8221;center&#8221; header_4_font=&#8221;|||||on|||&#8221; header_4_text_align=&#8221;center&#8221; header_5_text_align=&#8221;center&#8221; header_5_text_color=&#8221;#d3ae30&#8243; global_colors_info=&#8221;{}&#8221;]<\/p>\n<h3>L&#8217;Artisan<\/h3>\n<p><\/p>\n<h4>Le Chardonnay 2025<\/h4>\n<p><\/p>\n<p style=\"text-align: center;\">IGP Pays d&#8217;Oc<\/p>\n<p><\/p>\n<h5>OR\/GOLD Vinalies Internationales 2026<\/h5>\n<p>[\/et_pb_text][\/et_pb_column][\/et_pb_row][et_pb_row column_structure=&#8221;1_3,1_3,1_3&#8243; _builder_version=&#8221;4.27.6&#8243; _module_preset=&#8221;default&#8221; locked=&#8221;off&#8221; global_colors_info=&#8221;{}&#8221;][et_pb_column type=&#8221;1_3&#8243; _builder_version=&#8221;4.27.6&#8243; _module_preset=&#8221;default&#8221; border_radii=&#8221;on|10px|10px|10px|10px&#8221; border_width_all=&#8221;1px&#8221; global_colors_info=&#8221;{}&#8221;][et_pb_image src=&#8221;https:\/\/www.paulmas.com\/wp-content\/uploads\/2026\/04\/Domaine-Silene-Mas-des-Peyrals-2024.jpg&#8221; title_text=&#8221;Domaine Sil\u00e8ne Mas des Peyrals 2024&#8243; show_in_lightbox=&#8221;on&#8221; _builder_version=&#8221;4.27.6&#8243; _module_preset=&#8221;default&#8221; global_colors_info=&#8221;{}&#8221;][\/et_pb_image][et_pb_text _builder_version=&#8221;4.27.6&#8243; _module_preset=&#8221;default&#8221; header_3_font=&#8221;|||||on|||&#8221; header_3_text_align=&#8221;center&#8221; header_4_font=&#8221;|||||on|||&#8221; header_4_text_align=&#8221;center&#8221; header_5_text_align=&#8221;center&#8221; header_5_text_color=&#8221;#d3ae30&#8243; global_colors_info=&#8221;{}&#8221;]<\/p>\n<h3>Domaine Sil\u00e8ne des Peyrals 2024\u00a0<\/h3>\n<p><\/p>\n<h4>Syrah, Grenache Noir, Cinsault, Carignan\u00a0<\/h4>\n<p><\/p>\n<p style=\"text-align: center;\">AOP Gr\u00e8s de Montpellier<\/p>\n<p><\/p>\n<h5>GRAND OR Vinalies Internationales 2026<\/h5>\n<p>[\/et_pb_text][\/et_pb_column][et_pb_column type=&#8221;1_3&#8243; _builder_version=&#8221;4.27.6&#8243; _module_preset=&#8221;default&#8221; border_radii=&#8221;on|10px|10px|10px|10px&#8221; border_width_all=&#8221;1px&#8221; global_colors_info=&#8221;{}&#8221;][et_pb_image src=&#8221;https:\/\/www.paulmas.com\/wp-content\/uploads\/2026\/04\/Chateau-Cres-Ricards-Oenothera-2024-2.jpg&#8221; title_text=&#8221;Ch\u00e2teau Cr\u00e8s Ricards Oenothera 2024&#8243; show_in_lightbox=&#8221;on&#8221; _builder_version=&#8221;4.27.6&#8243; _module_preset=&#8221;default&#8221; global_colors_info=&#8221;{}&#8221;][\/et_pb_image][et_pb_text _builder_version=&#8221;4.27.6&#8243; _module_preset=&#8221;default&#8221; header_3_font=&#8221;|||||on|||&#8221; header_3_text_align=&#8221;center&#8221; header_4_font=&#8221;|||||on|||&#8221; header_4_text_align=&#8221;center&#8221; header_5_text_align=&#8221;center&#8221; header_5_text_color=&#8221;#d3ae30&#8243; global_colors_info=&#8221;{}&#8221;]<\/p>\n<h3>Ch\u00e2teau des Cr\u00e8s Ricards<\/h3>\n<p><\/p>\n<h4>Oenothera 2024<\/h4>\n<p><\/p>\n<p style=\"text-align: center;\">AOP Terrasses du Larzac<\/p>\n<p><\/p>\n<h5>OR\/GOLD Vinalies Internationales 2026<\/h5>\n<p>[\/et_pb_text][\/et_pb_column][et_pb_column type=&#8221;1_3&#8243; _builder_version=&#8221;4.27.6&#8243; _module_preset=&#8221;default&#8221; border_radii=&#8221;on|10px|10px|10px|10px&#8221; border_width_all=&#8221;1px&#8221; global_colors_info=&#8221;{}&#8221;][et_pb_image src=&#8221;https:\/\/www.paulmas.com\/wp-content\/uploads\/2026\/04\/Chateau-Cres-Ricards-Les-Galets-2025.jpg&#8221; title_text=&#8221;Ch\u00e2teau Cr\u00e8s Ricards Les Galets 2025&#8243; show_in_lightbox=&#8221;on&#8221; _builder_version=&#8221;4.27.6&#8243; _module_preset=&#8221;default&#8221; global_colors_info=&#8221;{}&#8221;][\/et_pb_image][et_pb_text _builder_version=&#8221;4.27.6&#8243; _module_preset=&#8221;default&#8221; header_3_font=&#8221;|||||on|||&#8221; header_3_text_align=&#8221;center&#8221; header_4_font=&#8221;|||||on|||&#8221; header_4_text_align=&#8221;center&#8221; header_5_text_align=&#8221;center&#8221; header_5_text_color=&#8221;#d3ae30&#8243; global_colors_info=&#8221;{}&#8221;]<\/p>\n<h3>Ch\u00e2teau des Cr\u00e8s Ricards<\/h3>\n<p><\/p>\n<h4>Les Galets 2025<\/h4>\n<p><\/p>\n<p style=\"text-align: center;\">AOP Languedoc<\/p>\n<p><\/p>\n<h5>OR\/GOLD Vinalies Internationales 2026<\/h5>\n<p>[\/et_pb_text][\/et_pb_column][\/et_pb_row][et_pb_row column_structure=&#8221;1_3,1_3,1_3&#8243; _builder_version=&#8221;4.27.6&#8243; _module_preset=&#8221;default&#8221; locked=&#8221;off&#8221; global_colors_info=&#8221;{}&#8221;][et_pb_column type=&#8221;1_3&#8243; _builder_version=&#8221;4.27.6&#8243; _module_preset=&#8221;default&#8221; border_radii=&#8221;on|10px|10px|10px|10px&#8221; border_width_all=&#8221;1px&#8221; global_colors_info=&#8221;{}&#8221;][et_pb_image src=&#8221;https:\/\/www.paulmas.com\/wp-content\/uploads\/2026\/04\/Domaine-Lauriga-La-Figuera-2025.jpg&#8221; title_text=&#8221;Domaine Lauriga La Figuera 2025&#8243; show_in_lightbox=&#8221;on&#8221; _builder_version=&#8221;4.27.6&#8243; _module_preset=&#8221;default&#8221; global_colors_info=&#8221;{}&#8221;][\/et_pb_image][et_pb_text _builder_version=&#8221;4.27.6&#8243; _module_preset=&#8221;default&#8221; header_3_font=&#8221;|||||on|||&#8221; header_3_text_align=&#8221;center&#8221; header_4_font=&#8221;|||||on|||&#8221; header_4_text_align=&#8221;center&#8221; header_5_text_align=&#8221;center&#8221; header_5_text_color=&#8221;#d3ae30&#8243; global_colors_info=&#8221;{}&#8221;]<\/p>\n<h3>Domaine Lauriga<\/h3>\n<p><\/p>\n<h4>La Figuera<\/h4>\n<p><\/p>\n<p style=\"text-align: center;\">IGP C\u00f4tes Catalanes<\/p>\n<p><\/p>\n<h5>OR\/GOLD Vinalies Internationales 2026<\/h5>\n<p>[\/et_pb_text][\/et_pb_column][et_pb_column type=&#8221;1_3&#8243; _builder_version=&#8221;4.27.6&#8243; _module_preset=&#8221;default&#8221; border_radii=&#8221;on|10px|10px|10px|10px&#8221; global_colors_info=&#8221;{}&#8221;][\/et_pb_column][et_pb_column type=&#8221;1_3&#8243; _builder_version=&#8221;4.27.6&#8243; _module_preset=&#8221;default&#8221; border_radii=&#8221;on|10px|10px|10px|10px&#8221; global_colors_info=&#8221;{}&#8221;][\/et_pb_column][\/et_pb_row][et_pb_row _builder_version=&#8221;4.27.0&#8243; _module_preset=&#8221;default&#8221; locked=&#8221;off&#8221; global_colors_info=&#8221;{}&#8221;][et_pb_column type=&#8221;4_4&#8243; _builder_version=&#8221;4.27.0&#8243; _module_preset=&#8221;default&#8221; global_colors_info=&#8221;{}&#8221;][et_pb_text content_tablet=&#8221;<\/p>\n<h2 style=%22text-align: center;%22>Mundus Vini Spring 2026<\/h2>\n<p>&#8221; content_phone=&#8221;<\/p>\n<h2 style=%22text-align: center;%22>Mundus Vini Spring 2026<\/h2>\n<p>&#8221; content_last_edited=&#8221;on|desktop&#8221; _builder_version=&#8221;4.27.6&#8243; _module_preset=&#8221;default&#8221; header_2_text_color=&#8221;#d3ae30&#8243; min_height=&#8221;28px&#8221; custom_margin=&#8221;||-8px|||&#8221; hover_enabled=&#8221;0&#8243; header_2_font_size_tablet=&#8221;&#8221; header_2_font_size_phone=&#8221;35px&#8221; header_2_font_size_last_edited=&#8221;on|phone&#8221; header_2_line_height_tablet=&#8221;&#8221; header_2_line_height_phone=&#8221;1.5em&#8221; header_2_line_height_last_edited=&#8221;on|phone&#8221; global_colors_info=&#8221;{}&#8221; sticky_enabled=&#8221;0&#8243;]<\/p>\n<h2 style=\"text-align: center;\">\u00a02026 &#8211; Vinalies France<\/h2>\n<p>[\/et_pb_text][et_pb_divider color=&#8221;#d3ae30&#8243; _builder_version=&#8221;4.27.6&#8243; _module_preset=&#8221;default&#8221; background_color=&#8221;#d3ae30&#8243; width=&#8221;50%&#8221; module_alignment=&#8221;center&#8221; height=&#8221;0px&#8221; global_colors_info=&#8221;{}&#8221;][\/et_pb_divider][\/et_pb_column][\/et_pb_row][et_pb_row column_structure=&#8221;1_3,1_3,1_3&#8243; _builder_version=&#8221;4.27.6&#8243; _module_preset=&#8221;default&#8221; locked=&#8221;off&#8221; global_colors_info=&#8221;{}&#8221;][et_pb_column type=&#8221;1_3&#8243; _builder_version=&#8221;4.27.6&#8243; _module_preset=&#8221;default&#8221; border_radii=&#8221;on|10px|10px|10px|10px&#8221; border_width_all=&#8221;1px&#8221; global_colors_info=&#8221;{}&#8221;][et_pb_image src=&#8221;https:\/\/www.paulmas.com\/wp-content\/uploads\/2026\/04\/Paul-Mas-Viognier-2025.jpg&#8221; title_text=&#8221;Paul Mas Viognier 2025&#8243; show_in_lightbox=&#8221;on&#8221; _builder_version=&#8221;4.27.6&#8243; _module_preset=&#8221;default&#8221; hover_enabled=&#8221;0&#8243; global_colors_info=&#8221;{}&#8221; sticky_enabled=&#8221;0&#8243;][\/et_pb_image][et_pb_text _builder_version=&#8221;4.27.6&#8243; _module_preset=&#8221;default&#8221; header_3_font=&#8221;|||||on|||&#8221; header_3_text_align=&#8221;center&#8221; header_4_font=&#8221;|||||on|||&#8221; header_4_text_align=&#8221;center&#8221; header_5_text_align=&#8221;center&#8221; header_5_text_color=&#8221;#d3ae30&#8243; hover_enabled=&#8221;0&#8243; global_colors_info=&#8221;{}&#8221; sticky_enabled=&#8221;0&#8243;]<\/p>\n<h3>Paul Mas<\/h3>\n<h4>Classique Viognier 2025<\/h4>\n<p style=\"text-align: center;\">IGP Pays d&#8217;Oc<\/p>\n<h5>GRAND OR Vinalies France 2026<\/h5>\n<p>[\/et_pb_text][\/et_pb_column][et_pb_column type=&#8221;1_3&#8243; _builder_version=&#8221;4.27.6&#8243; _module_preset=&#8221;default&#8221; border_radii=&#8221;on|10px|10px|10px|10px&#8221; border_width_all=&#8221;1px&#8221; global_colors_info=&#8221;{}&#8221;][et_pb_image src=&#8221;https:\/\/www.paulmas.com\/wp-content\/uploads\/2026\/04\/Chateau-de-Larzac-Saint-Majan-2024.jpg&#8221; title_text=&#8221;Ch\u00e2teau de Larzac Saint Majan 2024&#8243; show_in_lightbox=&#8221;on&#8221; _builder_version=&#8221;4.27.6&#8243; _module_preset=&#8221;default&#8221; hover_enabled=&#8221;0&#8243; global_colors_info=&#8221;{}&#8221; sticky_enabled=&#8221;0&#8243;][\/et_pb_image][et_pb_text _builder_version=&#8221;4.27.6&#8243; _module_preset=&#8221;default&#8221; header_3_font=&#8221;|||||on|||&#8221; header_3_text_align=&#8221;center&#8221; header_4_font=&#8221;|||||on|||&#8221; header_4_text_align=&#8221;center&#8221; header_5_text_align=&#8221;center&#8221; header_5_text_color=&#8221;#d3ae30&#8243; hover_enabled=&#8221;0&#8243; global_colors_info=&#8221;{}&#8221; sticky_enabled=&#8221;0&#8243;]<\/p>\n<h3>Ch\u00e2teau de Larzac<\/h3>\n<h4>Saint Majan 2024<\/h4>\n<p style=\"text-align: center;\">AOP Languedoc<\/p>\n<h5>GRAND OR Vinalies France 2026<\/h5>\n<p>[\/et_pb_text][\/et_pb_column][et_pb_column type=&#8221;1_3&#8243; _builder_version=&#8221;4.27.6&#8243; _module_preset=&#8221;default&#8221; border_radii=&#8221;on|10px|10px|10px|10px&#8221; border_width_all=&#8221;1px&#8221; global_colors_info=&#8221;{}&#8221;][et_pb_image src=&#8221;https:\/\/www.paulmas.com\/wp-content\/uploads\/2026\/04\/Chateau-Capendu-Le-Grand-Vin-des-Corbieres-2024.jpg&#8221; title_text=&#8221;Ch\u00e2teau Capendu Le Grand Vin des Corbi\u00e8res 2024&#8243; show_in_lightbox=&#8221;on&#8221; _builder_version=&#8221;4.27.6&#8243; _module_preset=&#8221;default&#8221; hover_enabled=&#8221;0&#8243; global_colors_info=&#8221;{}&#8221; sticky_enabled=&#8221;0&#8243;][\/et_pb_image][et_pb_text _builder_version=&#8221;4.27.6&#8243; _module_preset=&#8221;default&#8221; header_3_font=&#8221;|||||on|||&#8221; header_3_text_align=&#8221;center&#8221; header_4_font=&#8221;|||||on|||&#8221; header_4_text_align=&#8221;center&#8221; header_5_text_align=&#8221;center&#8221; header_5_text_color=&#8221;#d3ae30&#8243; hover_enabled=&#8221;0&#8243; global_colors_info=&#8221;{}&#8221; sticky_enabled=&#8221;0&#8243;]<\/p>\n<h3>Ch\u00e2teau Capendu<\/h3>\n<h4>Grand Vin des Corbi\u00e8res 2024<\/h4>\n<p style=\"text-align: center;\">AOP Corbi\u00e8res<\/p>\n<h5>OR\/GOLD Vinalies France 2026<\/h5>\n<p>[\/et_pb_text][\/et_pb_column][\/et_pb_row][\/et_pb_section][et_pb_section fb_built=&#8221;1&#8243; _builder_version=&#8221;4.16&#8243; _module_preset=&#8221;default&#8221; global_colors_info=&#8221;{}&#8221;][et_pb_row _builder_version=&#8221;4.24.3&#8243; _module_preset=&#8221;default&#8221; global_colors_info=&#8221;{}&#8221;][et_pb_column type=&#8221;4_4&#8243; _builder_version=&#8221;4.24.3&#8243; _module_preset=&#8221;default&#8221; global_colors_info=&#8221;{}&#8221;][et_pb_text _builder_version=&#8221;4.27.4&#8243; _module_preset=&#8221;default&#8221; global_colors_info=&#8221;{}&#8221;]<\/p>\n<h1 class=\"entry-title\" style=\"text-align: center;\">Nos m\u00e9dailles d&#8217;Or aux Vinalies France 2024<\/h1>\n<p>[\/et_pb_text][\/et_pb_column][\/et_pb_row][et_pb_row column_structure=&#8221;1_3,1_3,1_3&#8243; _builder_version=&#8221;4.16&#8243; _module_preset=&#8221;default&#8221; global_colors_info=&#8221;{}&#8221;][et_pb_column type=&#8221;1_3&#8243; _builder_version=&#8221;4.16&#8243; _module_preset=&#8221;default&#8221; global_colors_info=&#8221;{}&#8221;][et_pb_image src=&#8221;https:\/\/www.paulmas.com\/wp-content\/uploads\/2024\/04\/Paul-Mas-Prima-Perla-Brut-Blanc-Medaille-dOr-Vinalies-France-2024.jpg&#8221; alt=&#8221;Chateau Paul Mas Belluguette 2023_OR Concours G\u00e9n\u00e9ral Agricole 2024&#8243; title_text=&#8221;Paul Mas Prima Perla Brut Blanc M\u00e9daille d&#8217;Or Vinalies France 2024&#8243; url=&#8221;https:\/\/www.cote-mas.fr\/produit\/chateau-paul-mas-belluguette-aoc-languedoc\/&#8221; url_new_window=&#8221;on&#8221; _builder_version=&#8221;4.24.3&#8243; _module_preset=&#8221;default&#8221; border_width_all=&#8221;1px&#8221; border_color_all=&#8221;#7a7a7a&#8221; box_shadow_style=&#8221;preset2&#8243; global_colors_info=&#8221;{}&#8221;][\/et_pb_image][et_pb_text _builder_version=&#8221;4.27.0&#8243; _module_preset=&#8221;default&#8221; global_colors_info=&#8221;{}&#8221;]<\/p>\n<p><em>Paul Mas Prima Perla, Brut Blanc NVS &#8211; AOP Cr\u00e9mant de Limoux<\/em><\/p>\n<p>[\/et_pb_text][\/et_pb_column][et_pb_column type=&#8221;1_3&#8243; _builder_version=&#8221;4.16&#8243; _module_preset=&#8221;default&#8221; global_colors_info=&#8221;{}&#8221;][et_pb_image src=&#8221;https:\/\/www.paulmas.com\/wp-content\/uploads\/2024\/04\/Chardonnay-Viognier-2023.jpg&#8221; alt=&#8221;Ch\u00e2teau Paul Mas Clos Savignac 2022 Concours G\u00e9n\u00e9ral Agricole 2024&#8243; title_text=&#8221;Chardonnay Viognier 2023&#8243; url_new_window=&#8221;on&#8221; _builder_version=&#8221;4.24.3&#8243; _module_preset=&#8221;default&#8221; border_width_all=&#8221;1px&#8221; border_color_all=&#8221;#7a7a7a&#8221; box_shadow_style=&#8221;preset2&#8243; global_colors_info=&#8221;{}&#8221;][\/et_pb_image][et_pb_text _builder_version=&#8221;4.27.0&#8243; _module_preset=&#8221;default&#8221; global_colors_info=&#8221;{}&#8221;]<\/p>\n<p><em>Arrogant Frog, Chardonnay-Viognier 2023 &#8211; IGP Pays d&#8217;Oc<\/em><\/p>\n<p>[\/et_pb_text][\/et_pb_column][et_pb_column type=&#8221;1_3&#8243; _builder_version=&#8221;4.27.0&#8243; _module_preset=&#8221;default&#8221; global_colors_info=&#8221;{}&#8221;][et_pb_image src=&#8221;https:\/\/www.paulmas.com\/wp-content\/uploads\/2024\/04\/Jean-Claude-Mas-La-Plaine-Sauvignon-Blanc-2023.jpg&#8221; alt=&#8221;Domaines Paul Mas Syrah 2023 Or Concours G\u00e9n\u00e9ral Agricole 2024&#8243; title_text=&#8221;Jean Claude Mas La Plaine Sauvignon Blanc 2023&#8243; url_new_window=&#8221;on&#8221; _builder_version=&#8221;4.24.3&#8243; _module_preset=&#8221;default&#8221; border_width_all=&#8221;1px&#8221; border_color_all=&#8221;#7a7a7a&#8221; box_shadow_style=&#8221;preset2&#8243; global_colors_info=&#8221;{}&#8221;][\/et_pb_image][et_pb_text _builder_version=&#8221;4.27.0&#8243; _module_preset=&#8221;default&#8221; global_colors_info=&#8221;{}&#8221;]<\/p>\n<p><em>Jean-Claude Mas, La Plaine Sauvignon Blanc 2023 &#8211; IGP Pays d&#8217;Oc<\/em><\/p>\n<p>[\/et_pb_text][\/et_pb_column][\/et_pb_row][et_pb_row column_structure=&#8221;1_3,1_3,1_3&#8243; _builder_version=&#8221;4.16&#8243; _module_preset=&#8221;default&#8221; global_colors_info=&#8221;{}&#8221;][et_pb_column type=&#8221;1_3&#8243; _builder_version=&#8221;4.16&#8243; _module_preset=&#8221;default&#8221; global_colors_info=&#8221;{}&#8221;][et_pb_image src=&#8221;https:\/\/www.paulmas.com\/wp-content\/uploads\/2024\/04\/Jean-Claude-Mas-Le-Pioch-Viognier-2023-Medaille-dOr-Vinalies-France-2024.jpg&#8221; alt=&#8221;Domaine Paul Mas Cabernet Sauvignon 2023 Or Concours G\u00e9n\u00e9ral Agricole 2024&#8243; title_text=&#8221;Jean Claude Mas Le Pioch Viognier 2023 &#8211; M\u00e9daille d&#8217;Or Vinalies France 2024&#8243; url=&#8221;https:\/\/www.cote-mas.fr\/produit\/chateau-paul-mas-belluguette-aoc-languedoc\/&#8221; url_new_window=&#8221;on&#8221; _builder_version=&#8221;4.24.3&#8243; _module_preset=&#8221;default&#8221; border_width_all=&#8221;1px&#8221; border_color_all=&#8221;#7a7a7a&#8221; box_shadow_style=&#8221;preset2&#8243; global_colors_info=&#8221;{}&#8221;][\/et_pb_image][et_pb_text _builder_version=&#8221;4.27.0&#8243; _module_preset=&#8221;default&#8221; global_colors_info=&#8221;{}&#8221;]<\/p>\n<p><em>Jean-Claude Mas, Le Pioch Viognier 2023 &#8211; IGP Pays d&#8217;Oc<\/em><\/p>\n<p>[\/et_pb_text][\/et_pb_column][et_pb_column type=&#8221;1_3&#8243; _builder_version=&#8221;4.16&#8243; _module_preset=&#8221;default&#8221; global_colors_info=&#8221;{}&#8221;][\/et_pb_column][et_pb_column type=&#8221;1_3&#8243; _builder_version=&#8221;4.16&#8243; _module_preset=&#8221;default&#8221; global_colors_info=&#8221;{}&#8221;][\/et_pb_column][\/et_pb_row][\/et_pb_section][et_pb_section fb_built=&#8221;1&#8243; _builder_version=&#8221;4.23.1&#8243; _module_preset=&#8221;default&#8221; global_colors_info=&#8221;{}&#8221;][et_pb_row _builder_version=&#8221;4.23.1&#8243; _module_preset=&#8221;default&#8221; global_colors_info=&#8221;{}&#8221;][et_pb_column type=&#8221;4_4&#8243; _builder_version=&#8221;4.23.1&#8243; _module_preset=&#8221;default&#8221; global_colors_info=&#8221;{}&#8221;][et_pb_button button_url=&#8221;https:\/\/www.vinalies-internationales.com\/fr\/resultats\/palmares&#8221; url_new_window=&#8221;on&#8221; button_text=&#8221;Vinalies-internationales.com&#8221; button_alignment=&#8221;center&#8221; _builder_version=&#8221;4.24.3&#8243; _module_preset=&#8221;default&#8221; global_colors_info=&#8221;{}&#8221;][\/et_pb_button][\/et_pb_column][\/et_pb_row][\/et_pb_section]<\/p>\n","protected":false},"excerpt":{"rendered":"<p>Our Gold Medals at the VinaliesThe Vinalies is an international wine competition organized by the Union of French Oenologists since 1993. The event aims to promote wine excellence worldwide by rewarding those that stand out for their quality and typicity.The wines submitted are tasted blind by a panel of experts, including sommeliers, specialized journalists, and [&hellip;]<\/p>\n","protected":false},"author":5,"featured_media":16860,"comment_status":"closed","ping_status":"open","sticky":false,"template":"","format":"standard","meta":{"_et_pb_use_builder":"on","_et_pb_old_content":"","_et_gb_content_width":"","footnotes":""},"categories":[9],"tags":[],"class_list":["post-13967","post","type-post","status-publish","format-standard","has-post-thumbnail","hentry","category-medals"],"yoast_head":"<!-- This site is optimized with the Yoast SEO plugin v27.4 - https:\/\/yoast.com\/product\/yoast-seo-wordpress\/ -->\n<title>Vinalies - Les Domaines Paul Mas<\/title>\n<meta name=\"description\" content=\"Wines from Domaines Paul Mas awarded at the Vinalies: medals and distinguished vintages showcasing the expertise of the Languedoc region\" \/>\n<meta name=\"robots\" content=\"index, follow, max-snippet:-1, max-image-preview:large, max-video-preview:-1\" \/>\n<link rel=\"canonical\" href=\"https:\/\/www.paulmas.com\/en\/medals\/vinalies-2\/\" \/>\n<meta property=\"og:locale\" content=\"en_US\" \/>\n<meta property=\"og:type\" content=\"article\" \/>\n<meta property=\"og:title\" content=\"Vinalies - Les Domaines Paul Mas\" \/>\n<meta property=\"og:description\" content=\"Wines from Domaines Paul Mas awarded at the Vinalies: medals and distinguished vintages showcasing the expertise of the Languedoc region\" \/>\n<meta property=\"og:url\" content=\"https:\/\/www.paulmas.com\/en\/medals\/vinalies-2\/\" \/>\n<meta property=\"og:site_name\" content=\"Les Domaines Paul Mas\" \/>\n<meta property=\"article:published_time\" content=\"2026-04-01T08:08:07+00:00\" \/>\n<meta property=\"article:modified_time\" content=\"2026-04-14T08:04:15+00:00\" \/>\n<meta property=\"og:image\" content=\"https:\/\/www.paulmas.com\/wp-content\/uploads\/2024\/04\/Les-vins-des-Domaines-Paul-Mas-medailles-aux-Vinalies.jpg\" \/>\n\t<meta property=\"og:image:width\" content=\"960\" \/>\n\t<meta property=\"og:image:height\" content=\"600\" \/>\n\t<meta property=\"og:image:type\" content=\"image\/jpeg\" \/>\n<meta name=\"author\" content=\"Amandine Nelson\" \/>\n<meta name=\"twitter:card\" content=\"summary_large_image\" \/>\n<meta name=\"twitter:label1\" content=\"Written by\" \/>\n\t<meta name=\"twitter:data1\" content=\"Amandine Nelson\" \/>\n\t<meta name=\"twitter:label2\" content=\"Est. reading time\" \/>\n\t<meta name=\"twitter:data2\" content=\"2 minutes\" \/>\n<script type=\"application\/ld+json\" class=\"yoast-schema-graph\">{\"@context\":\"https:\\\/\\\/schema.org\",\"@graph\":[{\"@type\":\"Article\",\"@id\":\"https:\\\/\\\/www.paulmas.com\\\/en\\\/medals\\\/vinalies-2\\\/#article\",\"isPartOf\":{\"@id\":\"https:\\\/\\\/www.paulmas.com\\\/en\\\/medals\\\/vinalies-2\\\/\"},\"author\":{\"name\":\"Amandine Nelson\",\"@id\":\"https:\\\/\\\/www.paulmas.com\\\/#\\\/schema\\\/person\\\/012db7883b4360594dc5217f4bcfff47\"},\"headline\":\"Vinalies\",\"datePublished\":\"2026-04-01T08:08:07+00:00\",\"dateModified\":\"2026-04-14T08:04:15+00:00\",\"mainEntityOfPage\":{\"@id\":\"https:\\\/\\\/www.paulmas.com\\\/en\\\/medals\\\/vinalies-2\\\/\"},\"wordCount\":2347,\"image\":{\"@id\":\"https:\\\/\\\/www.paulmas.com\\\/en\\\/medals\\\/vinalies-2\\\/#primaryimage\"},\"thumbnailUrl\":\"https:\\\/\\\/www.paulmas.com\\\/wp-content\\\/uploads\\\/2024\\\/04\\\/Les-vins-des-Domaines-Paul-Mas-medailles-aux-Vinalies.jpg\",\"articleSection\":[\"Medals\"],\"inLanguage\":\"en-US\"},{\"@type\":\"WebPage\",\"@id\":\"https:\\\/\\\/www.paulmas.com\\\/en\\\/medals\\\/vinalies-2\\\/\",\"url\":\"https:\\\/\\\/www.paulmas.com\\\/en\\\/medals\\\/vinalies-2\\\/\",\"name\":\"Vinalies - Les Domaines Paul Mas\",\"isPartOf\":{\"@id\":\"https:\\\/\\\/www.paulmas.com\\\/#website\"},\"primaryImageOfPage\":{\"@id\":\"https:\\\/\\\/www.paulmas.com\\\/en\\\/medals\\\/vinalies-2\\\/#primaryimage\"},\"image\":{\"@id\":\"https:\\\/\\\/www.paulmas.com\\\/en\\\/medals\\\/vinalies-2\\\/#primaryimage\"},\"thumbnailUrl\":\"https:\\\/\\\/www.paulmas.com\\\/wp-content\\\/uploads\\\/2024\\\/04\\\/Les-vins-des-Domaines-Paul-Mas-medailles-aux-Vinalies.jpg\",\"datePublished\":\"2026-04-01T08:08:07+00:00\",\"dateModified\":\"2026-04-14T08:04:15+00:00\",\"author\":{\"@id\":\"https:\\\/\\\/www.paulmas.com\\\/#\\\/schema\\\/person\\\/012db7883b4360594dc5217f4bcfff47\"},\"description\":\"Wines from Domaines Paul Mas awarded at the Vinalies: medals and distinguished vintages showcasing the expertise of the Languedoc region\",\"breadcrumb\":{\"@id\":\"https:\\\/\\\/www.paulmas.com\\\/en\\\/medals\\\/vinalies-2\\\/#breadcrumb\"},\"inLanguage\":\"en-US\",\"potentialAction\":[{\"@type\":\"ReadAction\",\"target\":[\"https:\\\/\\\/www.paulmas.com\\\/en\\\/medals\\\/vinalies-2\\\/\"]}]},{\"@type\":\"ImageObject\",\"inLanguage\":\"en-US\",\"@id\":\"https:\\\/\\\/www.paulmas.com\\\/en\\\/medals\\\/vinalies-2\\\/#primaryimage\",\"url\":\"https:\\\/\\\/www.paulmas.com\\\/wp-content\\\/uploads\\\/2024\\\/04\\\/Les-vins-des-Domaines-Paul-Mas-medailles-aux-Vinalies.jpg\",\"contentUrl\":\"https:\\\/\\\/www.paulmas.com\\\/wp-content\\\/uploads\\\/2024\\\/04\\\/Les-vins-des-Domaines-Paul-Mas-medailles-aux-Vinalies.jpg\",\"width\":960,\"height\":600,\"caption\":\"Les vins des Domaines Paul Mas m\u00e9daill\u00e9s aux Vinalies\"},{\"@type\":\"BreadcrumbList\",\"@id\":\"https:\\\/\\\/www.paulmas.com\\\/en\\\/medals\\\/vinalies-2\\\/#breadcrumb\",\"itemListElement\":[{\"@type\":\"ListItem\",\"position\":1,\"name\":\"Accueil\",\"item\":\"https:\\\/\\\/www.paulmas.com\\\/en\\\/\"},{\"@type\":\"ListItem\",\"position\":2,\"name\":\"Vinalies\"}]},{\"@type\":\"WebSite\",\"@id\":\"https:\\\/\\\/www.paulmas.com\\\/#website\",\"url\":\"https:\\\/\\\/www.paulmas.com\\\/\",\"name\":\"Les Domaines Paul Mas\",\"description\":\"Le luxe rural depuis 1892\",\"potentialAction\":[{\"@type\":\"SearchAction\",\"target\":{\"@type\":\"EntryPoint\",\"urlTemplate\":\"https:\\\/\\\/www.paulmas.com\\\/?s={search_term_string}\"},\"query-input\":{\"@type\":\"PropertyValueSpecification\",\"valueRequired\":true,\"valueName\":\"search_term_string\"}}],\"inLanguage\":\"en-US\"},{\"@type\":\"Person\",\"@id\":\"https:\\\/\\\/www.paulmas.com\\\/#\\\/schema\\\/person\\\/012db7883b4360594dc5217f4bcfff47\",\"name\":\"Amandine Nelson\",\"url\":\"https:\\\/\\\/www.paulmas.com\\\/en\\\/author\\\/anelson\\\/\"}]}<\/script>\n<!-- \/ Yoast SEO plugin. -->","yoast_head_json":{"title":"Vinalies - Les Domaines Paul Mas","description":"Wines from Domaines Paul Mas awarded at the Vinalies: medals and distinguished vintages showcasing the expertise of the Languedoc region","robots":{"index":"index","follow":"follow","max-snippet":"max-snippet:-1","max-image-preview":"max-image-preview:large","max-video-preview":"max-video-preview:-1"},"canonical":"https:\/\/www.paulmas.com\/en\/medals\/vinalies-2\/","og_locale":"en_US","og_type":"article","og_title":"Vinalies - Les Domaines Paul Mas","og_description":"Wines from Domaines Paul Mas awarded at the Vinalies: medals and distinguished vintages showcasing the expertise of the Languedoc region","og_url":"https:\/\/www.paulmas.com\/en\/medals\/vinalies-2\/","og_site_name":"Les Domaines Paul Mas","article_published_time":"2026-04-01T08:08:07+00:00","article_modified_time":"2026-04-14T08:04:15+00:00","og_image":[{"width":960,"height":600,"url":"https:\/\/www.paulmas.com\/wp-content\/uploads\/2024\/04\/Les-vins-des-Domaines-Paul-Mas-medailles-aux-Vinalies.jpg","type":"image\/jpeg"}],"author":"Amandine Nelson","twitter_card":"summary_large_image","twitter_misc":{"Written by":"Amandine Nelson","Est. reading time":"2 minutes"},"schema":{"@context":"https:\/\/schema.org","@graph":[{"@type":"Article","@id":"https:\/\/www.paulmas.com\/en\/medals\/vinalies-2\/#article","isPartOf":{"@id":"https:\/\/www.paulmas.com\/en\/medals\/vinalies-2\/"},"author":{"name":"Amandine Nelson","@id":"https:\/\/www.paulmas.com\/#\/schema\/person\/012db7883b4360594dc5217f4bcfff47"},"headline":"Vinalies","datePublished":"2026-04-01T08:08:07+00:00","dateModified":"2026-04-14T08:04:15+00:00","mainEntityOfPage":{"@id":"https:\/\/www.paulmas.com\/en\/medals\/vinalies-2\/"},"wordCount":2347,"image":{"@id":"https:\/\/www.paulmas.com\/en\/medals\/vinalies-2\/#primaryimage"},"thumbnailUrl":"https:\/\/www.paulmas.com\/wp-content\/uploads\/2024\/04\/Les-vins-des-Domaines-Paul-Mas-medailles-aux-Vinalies.jpg","articleSection":["Medals"],"inLanguage":"en-US"},{"@type":"WebPage","@id":"https:\/\/www.paulmas.com\/en\/medals\/vinalies-2\/","url":"https:\/\/www.paulmas.com\/en\/medals\/vinalies-2\/","name":"Vinalies - Les Domaines Paul Mas","isPartOf":{"@id":"https:\/\/www.paulmas.com\/#website"},"primaryImageOfPage":{"@id":"https:\/\/www.paulmas.com\/en\/medals\/vinalies-2\/#primaryimage"},"image":{"@id":"https:\/\/www.paulmas.com\/en\/medals\/vinalies-2\/#primaryimage"},"thumbnailUrl":"https:\/\/www.paulmas.com\/wp-content\/uploads\/2024\/04\/Les-vins-des-Domaines-Paul-Mas-medailles-aux-Vinalies.jpg","datePublished":"2026-04-01T08:08:07+00:00","dateModified":"2026-04-14T08:04:15+00:00","author":{"@id":"https:\/\/www.paulmas.com\/#\/schema\/person\/012db7883b4360594dc5217f4bcfff47"},"description":"Wines from Domaines Paul Mas awarded at the Vinalies: medals and distinguished vintages showcasing the expertise of the Languedoc region","breadcrumb":{"@id":"https:\/\/www.paulmas.com\/en\/medals\/vinalies-2\/#breadcrumb"},"inLanguage":"en-US","potentialAction":[{"@type":"ReadAction","target":["https:\/\/www.paulmas.com\/en\/medals\/vinalies-2\/"]}]},{"@type":"ImageObject","inLanguage":"en-US","@id":"https:\/\/www.paulmas.com\/en\/medals\/vinalies-2\/#primaryimage","url":"https:\/\/www.paulmas.com\/wp-content\/uploads\/2024\/04\/Les-vins-des-Domaines-Paul-Mas-medailles-aux-Vinalies.jpg","contentUrl":"https:\/\/www.paulmas.com\/wp-content\/uploads\/2024\/04\/Les-vins-des-Domaines-Paul-Mas-medailles-aux-Vinalies.jpg","width":960,"height":600,"caption":"Les vins des Domaines Paul Mas m\u00e9daill\u00e9s aux Vinalies"},{"@type":"BreadcrumbList","@id":"https:\/\/www.paulmas.com\/en\/medals\/vinalies-2\/#breadcrumb","itemListElement":[{"@type":"ListItem","position":1,"name":"Accueil","item":"https:\/\/www.paulmas.com\/en\/"},{"@type":"ListItem","position":2,"name":"Vinalies"}]},{"@type":"WebSite","@id":"https:\/\/www.paulmas.com\/#website","url":"https:\/\/www.paulmas.com\/","name":"Les Domaines Paul Mas","description":"Le luxe rural depuis 1892","potentialAction":[{"@type":"SearchAction","target":{"@type":"EntryPoint","urlTemplate":"https:\/\/www.paulmas.com\/?s={search_term_string}"},"query-input":{"@type":"PropertyValueSpecification","valueRequired":true,"valueName":"search_term_string"}}],"inLanguage":"en-US"},{"@type":"Person","@id":"https:\/\/www.paulmas.com\/#\/schema\/person\/012db7883b4360594dc5217f4bcfff47","name":"Amandine Nelson","url":"https:\/\/www.paulmas.com\/en\/author\/anelson\/"}]}},"_links":{"self":[{"href":"https:\/\/www.paulmas.com\/en\/wp-json\/wp\/v2\/posts\/13967","targetHints":{"allow":["GET"]}}],"collection":[{"href":"https:\/\/www.paulmas.com\/en\/wp-json\/wp\/v2\/posts"}],"about":[{"href":"https:\/\/www.paulmas.com\/en\/wp-json\/wp\/v2\/types\/post"}],"author":[{"embeddable":true,"href":"https:\/\/www.paulmas.com\/en\/wp-json\/wp\/v2\/users\/5"}],"replies":[{"embeddable":true,"href":"https:\/\/www.paulmas.com\/en\/wp-json\/wp\/v2\/comments?post=13967"}],"version-history":[{"count":18,"href":"https:\/\/www.paulmas.com\/en\/wp-json\/wp\/v2\/posts\/13967\/revisions"}],"predecessor-version":[{"id":16881,"href":"https:\/\/www.paulmas.com\/en\/wp-json\/wp\/v2\/posts\/13967\/revisions\/16881"}],"wp:featuredmedia":[{"embeddable":true,"href":"https:\/\/www.paulmas.com\/en\/wp-json\/wp\/v2\/media\/16860"}],"wp:attachment":[{"href":"https:\/\/www.paulmas.com\/en\/wp-json\/wp\/v2\/media?parent=13967"}],"wp:term":[{"taxonomy":"category","embeddable":true,"href":"https:\/\/www.paulmas.com\/en\/wp-json\/wp\/v2\/categories?post=13967"},{"taxonomy":"post_tag","embeddable":true,"href":"https:\/\/www.paulmas.com\/en\/wp-json\/wp\/v2\/tags?post=13967"}],"curies":[{"name":"wp","href":"https:\/\/api.w.org\/{rel}","templated":true}]}}